{"id":231,"date":"2014-11-19T23:23:00","date_gmt":"2014-11-19T22:23:00","guid":{"rendered":"https:\/\/www.umealaia.org\/araba\/2014\/11\/19\/fiesta-de-los-derechos-del-nino-nina-y-adolescente\/"},"modified":"2014-11-19T23:23:00","modified_gmt":"2014-11-19T22:23:00","slug":"fiesta-de-los-derechos-del-nino-nina-y-adolescente","status":"publish","type":"post","link":"https:\/\/www.umealaia.org\/araba\/2014\/11\/19\/fiesta-de-los-derechos-del-nino-nina-y-adolescente\/","title":{"rendered":"Fiesta de los derechos del ni\u00f1o, ni\u00f1a y adolescente"},"content":{"rendered":"<p>El pr\u00f3ximo s\u00e1bado se celebra en la <a href=\"https:\/\/www.google.es\/maps\/place\/Independentzia+Kalea,+6,+01005+Vitoria-Gasteiz,+Araba\/@42.8455303,-2.6706313,19z\/data=!3m1!4b1!4m2!3m1!1s0xd4fc26f04ce5f99:0xfdf92e182ed156b5\" target=\"_blank\">plaza de los Fueros de Vitoria-Gasteiz<\/a> la&nbsp; popularmente conocida fiesta de&nbsp;la infancia. Ume Alaia Araba participar\u00e1 &nbsp;en la fiesta por la tarde con un taller denominado <b>Casas de familia<\/b>. El taller consiste en<b>&nbsp;<\/b>un recortable para montar una casita &nbsp;y alojar &nbsp;una familia tambi\u00e9n de papel<b>.&nbsp;<\/b><br \/><span><\/span><span><br \/><\/span><\/p>\n<div style=\"clear: both;text-align: center\"><a href=\"http:\/\/4.bp.blogspot.com\/-EKCOHP7smDQ\/VG0U8Pjii7I\/AAAAAAAAOaw\/8hO3NF1aOos\/s1600\/programainfancia.jpg\" style=\"margin-left: 1em;margin-right: 1em\"><img loading=\"lazy\" decoding=\"async\" border=\"0\" src=\"http:\/\/4.bp.blogspot.com\/-EKCOHP7smDQ\/VG0U8Pjii7I\/AAAAAAAAOaw\/8hO3NF1aOos\/s1600\/programainfancia.jpg\" height=\"253\" width=\"320\" \/><\/a><\/div>\n<p>Nos situaremos al fondo de la carpa n\u00ba1 y estaremos desde las 16:30 h. hasta que finalice el evento a las &nbsp;20:30 h. Aprovecharemos el d\u00eda para repartir unos flyers que informan de lo que hacemos en la asociaci\u00f3n.&nbsp;<span><\/span><\/p>\n<p>Si quer\u00e9is pasaros&#8230; ya sab\u00e9is d\u00f3nde estamos \ud83d\ude42<\/p>\n<p><span><\/span><span><\/span><\/p>\n","protected":false},"excerpt":{"rendered":"<p>El pr\u00f3ximo s\u00e1bado se celebra en la plaza de los Fueros de Vitoria-Gasteiz la&nbsp; popularmente conocida fiesta de&nbsp;la infancia. Ume Alaia Araba participar\u00e1 &nbsp;en la fiesta por la tarde con un taller denominado Casas de familia. El taller consiste en&nbsp;un recortable para montar una casita &nbsp;y alojar &nbsp;una familia tambi\u00e9n de papel.&nbsp; Nos situaremos al [&hellip;]<\/p>\n","protected":false},"author":6,"featured_media":0,"comment_status":"open","ping_status":"open","sticky":false,"template":"","format":"standard","meta":{"_acf_changed":false,"footnotes":""},"categories":[1],"tags":[],"class_list":["post-231","post","type-post","status-publish","format-standard","hentry","category-sin-categorizar"],"acf":[],"_links":{"self":[{"href":"https:\/\/www.umealaia.org\/araba\/wp-json\/wp\/v2\/posts\/231","targetHints":{"allow":["GET"]}}],"collection":[{"href":"https:\/\/www.umealaia.org\/araba\/wp-json\/wp\/v2\/posts"}],"about":[{"href":"https:\/\/www.umealaia.org\/araba\/wp-json\/wp\/v2\/types\/post"}],"author":[{"embeddable":true,"href":"https:\/\/www.umealaia.org\/araba\/wp-json\/wp\/v2\/users\/6"}],"replies":[{"embeddable":true,"href":"https:\/\/www.umealaia.org\/araba\/wp-json\/wp\/v2\/comments?post=231"}],"version-history":[{"count":0,"href":"https:\/\/www.umealaia.org\/araba\/wp-json\/wp\/v2\/posts\/231\/revisions"}],"wp:attachment":[{"href":"https:\/\/www.umealaia.org\/araba\/wp-json\/wp\/v2\/media?parent=231"}],"wp:term":[{"taxonomy":"category","embeddable":true,"href":"https:\/\/www.umealaia.org\/araba\/wp-json\/wp\/v2\/categories?post=231"},{"taxonomy":"post_tag","embeddable":true,"href":"https:\/\/www.umealaia.org\/araba\/wp-json\/wp\/v2\/tags?post=231"}],"curies":[{"name":"wp","href":"https:\/\/api.w.org\/{rel}","templated":true}]}}