{"id":230,"date":"2014-12-05T23:15:00","date_gmt":"2014-12-05T22:15:00","guid":{"rendered":"https:\/\/www.umealaia.org\/araba\/2014\/12\/05\/martes-9-de-diciembre-grupo-de-discusion-sobre-adopcion-y-origenes\/"},"modified":"2014-12-05T23:15:00","modified_gmt":"2014-12-05T22:15:00","slug":"martes-9-de-diciembre-grupo-de-discusion-sobre-adopcion-y-origenes","status":"publish","type":"post","link":"https:\/\/www.umealaia.org\/araba\/2014\/12\/05\/martes-9-de-diciembre-grupo-de-discusion-sobre-adopcion-y-origenes\/","title":{"rendered":"Martes 9 de diciembre. Grupo de discusi\u00f3n sobre adopci\u00f3n y or\u00edgenes"},"content":{"rendered":"<p>El pr\u00f3ximo martes a las 18:30 en los&nbsp;<a href=\"https:\/\/www.google.es\/maps\/place\/Estrasburgo+Ibilbidea,+17\/@42.8534195,-2.650184,17z\/data=!3m1!4b1!4m2!3m1!1s0xd4fc2f2c6680f71:0xdf225f222d561b7d\">locales de la asociaci\u00f3n<\/a>&nbsp;tendr\u00e1 lugar el grupo de discusi\u00f3n con investigadoras del&nbsp;&nbsp;<a href=\"http:\/\/www.deustofamilypsych.esy.es\/\">Deusto FamilyPsych<\/a>&nbsp;de la Universidad de Deusto.<\/p>\n<p><a href=\"http:\/\/umealaiaa.blogspot.com.es\/2014\/11\/la-universidad-de-deusto-nos-pide.html\" target=\"_blank\">Como ya comentamos<\/a> d\u00edas atr\u00e1s, ser\u00e1 &nbsp;una sesi\u00f3n de&nbsp;una hora y media&nbsp;o dos horas de duraci\u00f3n, en la que un grupo grupo de padres y madres &nbsp;tratar\u00e1 el origen de los hijos e hijas adoptados. El encuentro servir\u00e1 para dise\u00f1ar futuros talleres y actividades que ayuden a trabajar todos los aspectos relacionados con la comunicaci\u00f3n de or\u00edgenes.<\/p>\n<p>Os animamos a formar parte de la sesi\u00f3n, pues el n\u00famero de asistentes a\u00fan es reducido y creemos que merece la pena colaborar. Si desearais acudir el pr\u00f3ximo martes all\u00ed os esperamos, si bien quisierais m\u00e1s informaci\u00f3n enviadnos un email a&nbsp;<a href=\"mailto:umealaia.araba@gmail.com\">umealaia.araba@gmail.com<\/a><\/p>\n","protected":false},"excerpt":{"rendered":"<p>El pr\u00f3ximo martes a las 18:30 en los&nbsp;locales de la asociaci\u00f3n&nbsp;tendr\u00e1 lugar el grupo de discusi\u00f3n con investigadoras del&nbsp;&nbsp;Deusto FamilyPsych&nbsp;de la Universidad de Deusto. Como ya comentamos d\u00edas atr\u00e1s, ser\u00e1 &nbsp;una sesi\u00f3n de&nbsp;una hora y media&nbsp;o dos horas de duraci\u00f3n, en la que un grupo grupo de padres y madres &nbsp;tratar\u00e1 el origen de los [&hellip;]<\/p>\n","protected":false},"author":6,"featured_media":0,"comment_status":"open","ping_status":"open","sticky":false,"template":"","format":"standard","meta":{"_acf_changed":false,"footnotes":""},"categories":[1],"tags":[],"class_list":["post-230","post","type-post","status-publish","format-standard","hentry","category-sin-categorizar"],"acf":[],"_links":{"self":[{"href":"https:\/\/www.umealaia.org\/araba\/wp-json\/wp\/v2\/posts\/230","targetHints":{"allow":["GET"]}}],"collection":[{"href":"https:\/\/www.umealaia.org\/araba\/wp-json\/wp\/v2\/posts"}],"about":[{"href":"https:\/\/www.umealaia.org\/araba\/wp-json\/wp\/v2\/types\/post"}],"author":[{"embeddable":true,"href":"https:\/\/www.umealaia.org\/araba\/wp-json\/wp\/v2\/users\/6"}],"replies":[{"embeddable":true,"href":"https:\/\/www.umealaia.org\/araba\/wp-json\/wp\/v2\/comments?post=230"}],"version-history":[{"count":0,"href":"https:\/\/www.umealaia.org\/araba\/wp-json\/wp\/v2\/posts\/230\/revisions"}],"wp:attachment":[{"href":"https:\/\/www.umealaia.org\/araba\/wp-json\/wp\/v2\/media?parent=230"}],"wp:term":[{"taxonomy":"category","embeddable":true,"href":"https:\/\/www.umealaia.org\/araba\/wp-json\/wp\/v2\/categories?post=230"},{"taxonomy":"post_tag","embeddable":true,"href":"https:\/\/www.umealaia.org\/araba\/wp-json\/wp\/v2\/tags?post=230"}],"curies":[{"name":"wp","href":"https:\/\/api.w.org\/{rel}","templated":true}]}}