{"id":229,"date":"2014-12-13T22:30:00","date_gmt":"2014-12-13T21:30:00","guid":{"rendered":"https:\/\/www.umealaia.org\/araba\/2014\/12\/13\/charla-programacion-neurolinguistica-inteligencia-practica-para-autocuidarse\/"},"modified":"2014-12-13T22:30:00","modified_gmt":"2014-12-13T21:30:00","slug":"charla-programacion-neurolinguistica-inteligencia-practica-para-autocuidarse","status":"publish","type":"post","link":"https:\/\/www.umealaia.org\/araba\/2014\/12\/13\/charla-programacion-neurolinguistica-inteligencia-practica-para-autocuidarse\/","title":{"rendered":"Charla: Programaci\u00f3n neuroling\u00fc\u00edstica. Inteligencia pr\u00e1ctica para autocuidarse."},"content":{"rendered":"<p>El d\u00eda 21 de diciembre de 10:30 a 13:30, en los <a href=\"https:\/\/www.google.es\/maps\/place\/Estrasburgo+Ibilbidea,+17\/@42.8534195,-2.650184,17z\/data=!3m1!4b1!4m2!3m1!1s0xd4fc2f2c6680f71:0xdf225f222d561b7d\" target=\"_blank\">locales de&nbsp;Paseo de Estrasburgo 17<\/a>, Jose \u00c1ngel Madinabeitia (coach, masajista,&nbsp;maestro de Reiki, natur\u00f3pata, m\u00e1ster-Trainer en PNL, didacta homologado por la AEPNL) impartir\u00e1 una charla de tres horas de duraci\u00f3n en la que, desde el enfoque PNL, nos dar\u00e1 herramientas para ayudarnos en nuestra vida en general y crianza en particular.&nbsp;<\/p>\n<div><\/div>\n<div>\n<div><\/p>\n<div><a href=\"http:\/\/3.bp.blogspot.com\/-VTsZhUNR5l4\/VIyt9LTDTAI\/AAAAAAAAOhg\/TlM9dA9ymrs\/s1600\/cerebro.png\" style=\"clear: right;float: right;margin-bottom: 1em;margin-left: 1em\"><img decoding=\"async\" border=\"0\" src=\"http:\/\/3.bp.blogspot.com\/-VTsZhUNR5l4\/VIyt9LTDTAI\/AAAAAAAAOhg\/TlM9dA9ymrs\/s1600\/cerebro.png\" \/><\/a>\u00bfQu\u00e9 es y para qu\u00e9 sirve la PNL?  La PNL es el Arte de la Excelencia personal. La Programaci\u00f3n Neuro Lingu\u00edstica, PNL, es uno de los enfoques m\u00e1s exitosos y eficaces para lograr una buena comunicaci\u00f3n, la consecuci\u00f3n de objetivos y cambios y el desarrollo de la excelencia personal. Con este entrenamiento usted puede obtener las t\u00e9cnicas m\u00e1s precisas para la detecci\u00f3n, modificaci\u00f3n y utilizaci\u00f3n de patrones en las relaciones y experiencias&nbsp;humanas. Obtendr\u00e1 asimismo, una mayor creatividad y un profundo autoconocimiento que le ser\u00e1n de gran beneficio en cualquier contexto de interacci\u00f3n y comunicaci\u00f3n. La programaci\u00f3n Neuro Ling\u00fc\u00edstica, o PNL, es uno de los enfoques m\u00e1s exitosos y eficaces para lograr una buena comunicaci\u00f3n, la consecuci\u00f3n de objetivos y cambios y el desarrollo de la excelencia personal. Con este entrenamiento podemos obtener las t\u00e9cnicas m\u00e1s precisas para la detecci\u00f3n, modificaci\u00f3n y utilizaci\u00f3n de patrones de comportamiento en las relaciones y experiencias humanas. Obtendremos una mayor creatividad y un profundo autoconocimiento que ser\u00e1n de gran beneficio en cualquier contexto de interacci\u00f3n y comunicaci\u00f3n.  <\/p>\n<div>\n<p>La charla tiene sus plazas limitadas, para inscribirse enviad un correo a&nbsp;<a href=\"mailto:umealaiaa@gmail.com\">umealaia.araba@gmail.com<\/a><\/div>\n<div>Las personas no asociadas deber\u00e1n abonar 10 \u20ac (ingreso en cuenta ES14-2100-4994-11-2100257635, indicando en concepto nombre y apellidos) para asistir el encuentro.<\/div>\n<div><\/div>\n<\/div>\n<\/div>\n<\/div>\n","protected":false},"excerpt":{"rendered":"<p>El d\u00eda 21 de diciembre de 10:30 a 13:30, en los locales de&nbsp;Paseo de Estrasburgo 17, Jose \u00c1ngel Madinabeitia (coach, masajista,&nbsp;maestro de Reiki, natur\u00f3pata, m\u00e1ster-Trainer en PNL, didacta homologado por la AEPNL) impartir\u00e1 una charla de tres horas de duraci\u00f3n en la que, desde el enfoque PNL, nos dar\u00e1 herramientas para ayudarnos en nuestra vida [&hellip;]<\/p>\n","protected":false},"author":6,"featured_media":0,"comment_status":"open","ping_status":"open","sticky":false,"template":"","format":"standard","meta":{"_acf_changed":false,"footnotes":""},"categories":[1],"tags":[],"class_list":["post-229","post","type-post","status-publish","format-standard","hentry","category-sin-categorizar"],"acf":[],"_links":{"self":[{"href":"https:\/\/www.umealaia.org\/araba\/wp-json\/wp\/v2\/posts\/229","targetHints":{"allow":["GET"]}}],"collection":[{"href":"https:\/\/www.umealaia.org\/araba\/wp-json\/wp\/v2\/posts"}],"about":[{"href":"https:\/\/www.umealaia.org\/araba\/wp-json\/wp\/v2\/types\/post"}],"author":[{"embeddable":true,"href":"https:\/\/www.umealaia.org\/araba\/wp-json\/wp\/v2\/users\/6"}],"replies":[{"embeddable":true,"href":"https:\/\/www.umealaia.org\/araba\/wp-json\/wp\/v2\/comments?post=229"}],"version-history":[{"count":0,"href":"https:\/\/www.umealaia.org\/araba\/wp-json\/wp\/v2\/posts\/229\/revisions"}],"wp:attachment":[{"href":"https:\/\/www.umealaia.org\/araba\/wp-json\/wp\/v2\/media?parent=229"}],"wp:term":[{"taxonomy":"category","embeddable":true,"href":"https:\/\/www.umealaia.org\/araba\/wp-json\/wp\/v2\/categories?post=229"},{"taxonomy":"post_tag","embeddable":true,"href":"https:\/\/www.umealaia.org\/araba\/wp-json\/wp\/v2\/tags?post=229"}],"curies":[{"name":"wp","href":"https:\/\/api.w.org\/{rel}","templated":true}]}}