{"id":228,"date":"2014-12-17T12:54:00","date_gmt":"2014-12-17T11:54:00","guid":{"rendered":"https:\/\/www.umealaia.org\/araba\/2014\/12\/17\/esta-navidad-soy-lo-mas\/"},"modified":"2014-12-17T12:54:00","modified_gmt":"2014-12-17T11:54:00","slug":"esta-navidad-soy-lo-mas","status":"publish","type":"post","link":"https:\/\/www.umealaia.org\/araba\/2014\/12\/17\/esta-navidad-soy-lo-mas\/","title":{"rendered":"Esta navidad, soy lo m\u00e1s"},"content":{"rendered":"<div style=\"clear: both;text-align: center\"><\/div>\n<p><span>El a\u00f1o se acaba&#8230;&nbsp;<\/span><\/p>\n<div style=\"text-align: justify\"><span style=\"font-size: small\"><span>Queremos pasar esta \u00e9poca del a\u00f1o en vuestra compa\u00f1\u00eda. Para ello hemos organizado una jornada festivo l\u00fadica el <span style=\"color: red\">27 de Diciembre<\/span> para todos\/as. Cualquier edad tiene cabida en nuestros talleres y propuestas, pero este a\u00f1o de manera especial, hemos creado actividades pensando en el p\u00fablico juvenil.&nbsp;<\/span><\/span><\/div>\n<div style=\"text-align: justify\"><\/div>\n<div style=\"text-align: justify\"><span style=\"font-size: small\"><span>Es gratuito y no hay que ser asociado\/a, traed a vuestros amigos\/as y venid a pasar un buen rato.<\/span><\/span><\/p>\n<\/div>\n<div style=\"clear: both;text-align: center\"><a href=\"http:\/\/3.bp.blogspot.com\/-nmoqBlUIttA\/VJAECdx8--I\/AAAAAAAAAR4\/ot1YuAeAonA\/s1600\/cabecero%2Bweb.jpg\" style=\"clear: left;float: left;margin-bottom: 1em;margin-right: 1em\"><img loading=\"lazy\" decoding=\"async\" border=\"0\" src=\"http:\/\/3.bp.blogspot.com\/-nmoqBlUIttA\/VJAECdx8--I\/AAAAAAAAAR4\/ot1YuAeAonA\/s1600\/cabecero%2Bweb.jpg\" height=\"176\" width=\"400\" \/><\/a><\/div>\n<div style=\"clear: both;text-align: center\"><span><\/span><\/div>\n<div style=\"clear: both;text-align: center\"><\/div>\n<p><a href=\"https:\/\/drive.google.com\/file\/d\/0B-WVrVOZyru8MFRZa1ZIY2RNQ28\/view?usp=sharing\" target=\"_blank\">M\u00e1s informaci\u00f3n<\/a><\/p>\n<p>Inscripci\u00f3n directa a talleres y actividades:<\/p>\n<p><b><u>Centro Aldabe:<\/u><\/b><\/p>\n<p><b>Hip Hop<\/b><br \/>De 12 a\u00f1os en adelante: 11:00 h a 12 h.<br \/>De 7 a 12 a\u00f1os: 12:00h a 13:00 h.<\/p>\n<p><b>Graffiti<\/b><br \/>De 12 a\u00f1os en adelante: 12:00 h a 13:00 h. <\/p>\n<p><b><u>Sociedad Kikilisalda (calle Cubo, n\u00ba 26)<\/u><\/b><br \/><u><br \/><\/u><b>Manualidades<\/b><u><\/u><br \/>A partir de 3 a\u00f1os: De 11:00 h a 13:00 h<\/p>\n<p><b>Taller de cocina<\/b>: Para todos\/as.<br \/>Menores de 12 a\u00f1os, acompa\u00f1ados de 1 adulto\/a: 11:30 a 12:30 h.<\/p>\n<p><b><u>Comida popular<\/u><\/b>: 10 euros por persona.<\/p>\n","protected":false},"excerpt":{"rendered":"<p>El a\u00f1o se acaba&#8230;&nbsp; Queremos pasar esta \u00e9poca del a\u00f1o en vuestra compa\u00f1\u00eda. Para ello hemos organizado una jornada festivo l\u00fadica el 27 de Diciembre para todos\/as. Cualquier edad tiene cabida en nuestros talleres y propuestas, pero este a\u00f1o de manera especial, hemos creado actividades pensando en el p\u00fablico juvenil.&nbsp; Es gratuito y no hay [&hellip;]<\/p>\n","protected":false},"author":6,"featured_media":0,"comment_status":"open","ping_status":"open","sticky":false,"template":"","format":"standard","meta":{"_acf_changed":false,"footnotes":""},"categories":[1],"tags":[],"class_list":["post-228","post","type-post","status-publish","format-standard","hentry","category-sin-categorizar"],"acf":[],"_links":{"self":[{"href":"https:\/\/www.umealaia.org\/araba\/wp-json\/wp\/v2\/posts\/228","targetHints":{"allow":["GET"]}}],"collection":[{"href":"https:\/\/www.umealaia.org\/araba\/wp-json\/wp\/v2\/posts"}],"about":[{"href":"https:\/\/www.umealaia.org\/araba\/wp-json\/wp\/v2\/types\/post"}],"author":[{"embeddable":true,"href":"https:\/\/www.umealaia.org\/araba\/wp-json\/wp\/v2\/users\/6"}],"replies":[{"embeddable":true,"href":"https:\/\/www.umealaia.org\/araba\/wp-json\/wp\/v2\/comments?post=228"}],"version-history":[{"count":0,"href":"https:\/\/www.umealaia.org\/araba\/wp-json\/wp\/v2\/posts\/228\/revisions"}],"wp:attachment":[{"href":"https:\/\/www.umealaia.org\/araba\/wp-json\/wp\/v2\/media?parent=228"}],"wp:term":[{"taxonomy":"category","embeddable":true,"href":"https:\/\/www.umealaia.org\/araba\/wp-json\/wp\/v2\/categories?post=228"},{"taxonomy":"post_tag","embeddable":true,"href":"https:\/\/www.umealaia.org\/araba\/wp-json\/wp\/v2\/tags?post=228"}],"curies":[{"name":"wp","href":"https:\/\/api.w.org\/{rel}","templated":true}]}}