{"id":227,"date":"2015-02-05T17:30:00","date_gmt":"2015-02-05T16:30:00","guid":{"rendered":"https:\/\/www.umealaia.org\/araba\/2015\/02\/05\/taller-apego-y-resiliencia-7-de-marzo\/"},"modified":"2015-02-05T17:30:00","modified_gmt":"2015-02-05T16:30:00","slug":"taller-apego-y-resiliencia-7-de-marzo","status":"publish","type":"post","link":"https:\/\/www.umealaia.org\/araba\/2015\/02\/05\/taller-apego-y-resiliencia-7-de-marzo\/","title":{"rendered":"Taller apego y resiliencia. 7 de marzo"},"content":{"rendered":"<div style=\"text-align: justify\"><span>Desde Ume Alaia Araba queremos empezar fuerte con las actividades de este a\u00f1o que acaba de empezar, y que mejor que empezar con un taller muy din\u00e1mico de 7 horas de duraci\u00f3n.<\/span><\/div>\n<div style=\"text-align: justify\"><span>Esperamos que no os eche para atr\u00e1s la duraci\u00f3n, ya que va a ser tan interesante y vamos a aprender tantas cosas \u00fatiles para nuestra vida cotidiana con nuestros hijos e hijas, que vamos a querer que dure m\u00e1s tiempo.<\/span><\/div>\n<p><\/p>\n<table border=\"0\" cellpadding=\"0\" cellspacing=\"0\" style=\"border-collapse: collapse;border: none\">\n<tbody>\n<tr>\n<td style=\"padding: 0cm 5.4pt 0cm 5.4pt;width: 432.2pt\" valign=\"top\" width=\"576\">\n<div style=\"margin: 6pt 0cm 0.0001pt;text-align: justify\"><b><u><span>TITULO<\/span><\/u><\/b><span>:<\/span><\/div>\n<\/td>\n<\/tr>\n<tr>\n<td style=\"padding: 0cm 5.4pt 0cm 5.4pt;width: 432.2pt\" valign=\"top\" width=\"576\">\n<div style=\"margin: 6pt 0cm 0.0001pt 14.2pt;text-align: justify\"><em><b><span style=\"font-family: Arial, sans-serif\">Fomentar   el apego seguro y promover la <\/span><\/b><\/em><em><b><span>resiliencia en nuestros hijos\/as<\/span><\/b><\/em><b><i><span><\/span><\/i><\/b><\/div>\n<\/td>\n<\/tr>\n<tr>\n<td style=\"padding: 0cm 5.4pt 0cm 5.4pt;width: 432.2pt\" valign=\"top\" width=\"576\">\n<div style=\"margin: 6pt 0cm 0.0001pt;text-align: justify\"><b><u><span>OBJETIVOS:<\/span><\/u><\/b><\/div>\n<\/td>\n<\/tr>\n<tr>\n<td style=\"padding: 0cm 5.4pt 0cm 5.4pt;width: 432.2pt\" valign=\"top\" width=\"576\">\n<div style=\"margin: 6pt 0cm 0.0001pt 14.2pt;text-align: justify\"><em><span style=\"font-family: Arial, sans-serif;font-style: normal\">En este taller vamos a conocer   desde un equilibrio, entre teor\u00eda, pr\u00e1ctica y vivencia personal, la   trascendencia que el apego seguro&nbsp; tiene para un desarrollo positivo, el   bienestar personal y una \u00f3ptima salud mental. <\/span><\/em><\/div>\n<div style=\"margin: 6pt 0cm 0.0001pt 14.2pt;text-align: justify\"><em><span style=\"font-family: Arial, sans-serif;font-style: normal\">Los ni\u00f1os y ni\u00f1as adoptados\/as   son una poblaci\u00f3n heterog\u00e9nea; sin embargo, algunos de ellos\/as han sufrido,   en sus lugares de origen, la pesada carga del maltrato y\/o el abandono y\/o el   abuso sexual. <\/span><\/em><\/div>\n<div style=\"margin: 6pt 0cm 0.0001pt 14.2pt;text-align: justify\"><em><span style=\"font-family: Arial, sans-serif;font-style: normal\">Estas experiencias pueden   generar trauma complejo, apegos inseguros y\/o trastorno del apego. <\/span><\/em><\/div>\n<div style=\"margin: 6pt 0cm 0.0001pt 14.2pt;text-align: justify\"><em><span style=\"font-family: Arial, sans-serif;font-style: normal\">Conocer todo esto es importante   para que los padres, madres y las familias adoptivas seamos capaces de   comprender muchas manifestaciones de los ni\u00f1os\/as y actuar adecuadamente. <\/span><\/em><\/div>\n<div style=\"margin: 6pt 0cm 0.0001pt 14.2pt;text-align: justify\"><em><span style=\"font-family: Arial, sans-serif;font-style: normal\">Aprenderemos a identificar los   distintos tipos de apego en los ni\u00f1os\/as y c\u00f3mo reparar el mismo. <\/span><\/em><\/div>\n<div style=\"margin: 6pt 0cm 0.0001pt 14.2pt;text-align: justify\"><em><span style=\"font-family: Arial, sans-serif;font-style: normal\">Tambi\u00e9n nos detendremos en   identificar el apego de los padres y madres adoptivos\/as y c\u00f3mo \u00e9ste   interact\u00faa con los modelos que el ni\u00f1o\/a posee. <\/span><\/em><\/div>\n<div style=\"margin: 6pt 0cm 0.0001pt 14.2pt;text-align: justify\"><em><span style=\"font-family: Arial, sans-serif;font-style: normal\">Finalmente, nos centraremos en   c\u00f3mo fomentar la resiliencia y que factores la promocionan, tratando de ganar   los apegos a la seguridad y favoreciendo la transformaci\u00f3n de los ni\u00f1os\/as   desde la adversidad.<\/span><\/em><span><\/span><\/div>\n<\/td>\n<\/tr>\n<tr>\n<td style=\"padding: 0cm 5.4pt 0cm 5.4pt;width: 432.2pt\" valign=\"top\" width=\"576\">\n<div style=\"margin: 6pt 0cm 0.0001pt;text-align: justify\"><em><b><u><span style=\"font-family: Arial, sans-serif;font-style: normal\">DINAMIZADOR   DEL TALLER:<\/span><\/u><\/b><\/em><\/div>\n<\/td>\n<\/tr>\n<tr>\n<td style=\"padding: 0cm 5.4pt 0cm 5.4pt;width: 432.2pt\" valign=\"top\" width=\"576\">\n<div style=\"margin: 6pt 0cm 0.0001pt 14.2pt;text-align: justify\"><em><b><span style=\"font-family: Arial, sans-serif;font-style: normal\">Jos\u00e9   Luis Gonzalo<\/span><\/b><\/em><em><span style=\"font-family: Arial, sans-serif;font-style: normal\"> <b>Marrodan<\/b> <a href=\"http:\/\/www.joseluisgonzalo.com\/\">http:\/\/www.joseluisgonzalo.com\/<\/a>  Psic\u00f3lo cl\u00ednico. <\/span><\/em><\/div>\n<div style=\"margin: 6pt 0cm 0.0001pt 14.2pt;text-align: justify\"><span>Desde 1994 trabaja en su consulta privada de   psicolog\u00eda y psicoterapia en San Sebasti\u00e1n (Gipuzkoa). Desde 1999, ha   centrado su campo de inter\u00e9s profesional en el&nbsp;\u00e1mbito de la cl\u00ednica con   especial inter\u00e9s&nbsp;en la psicolog\u00eda del apego y del trauma. Adem\u00e1s de su   trabajo como psicoterapeuta de ni\u00f1os, adolescentes y adultos se dedica a la   impartici\u00f3n de seminarios y jornadas formativas a padres, profesores&nbsp;y   profesionales.<\/span><\/div>\n<div style=\"margin: 6pt 0cm 0.0001pt 14.2pt;text-align: justify\"><span>Adem\u00e1s es autor del blog \u201cBuenos Tratos\u201d <a href=\"http:\/\/www.buenostratos.com\/\">http:\/\/www.buenostratos.com\/<\/a> que   versa sobre el trauma y los trastornos del apego y su afectaci\u00f3n al   cerebro-mente, pretendiendo informar, reflexionar y ofrecer recursos a   profesionales y familias que atienden o tienen ni\u00f1os y adolescentes que han   vivido duras historias de vida. <\/span><em><span style=\"font-family: Arial, sans-serif;font-style: normal\"><\/span><\/em><\/div>\n<\/td>\n<\/tr>\n<tr>\n<td style=\"padding: 0cm 5.4pt 0cm 5.4pt;width: 432.2pt\" valign=\"top\" width=\"576\">\n<div style=\"margin: 6pt 0cm 0.0001pt;text-align: justify\"><em><b><u><span style=\"font-family: Arial, sans-serif;font-style: normal\">D\u00cdA:<\/span><\/u><\/b><\/em><\/div>\n<\/td>\n<\/tr>\n<tr>\n<td style=\"padding: 0cm 5.4pt 0cm 5.4pt;width: 432.2pt\" valign=\"top\" width=\"576\">\n<div style=\"margin: 6pt 0cm 0.0001pt 14.2pt;text-align: justify\"><em><span style=\"font-family: Arial, sans-serif;font-style: normal\">S\u00e1bado, 7 de marzo<\/span><\/em><\/div>\n<\/td>\n<\/tr>\n<tr>\n<td style=\"padding: 0cm 5.4pt 0cm 5.4pt;width: 432.2pt\" valign=\"top\" width=\"576\">\n<div style=\"margin: 6pt 0cm 0.0001pt;text-align: justify\"><em><b><u><span style=\"font-family: Arial, sans-serif;font-style: normal\">HORARIO:<\/span><\/u><\/b><\/em><\/div>\n<\/td>\n<\/tr>\n<tr>\n<td style=\"padding: 0cm 5.4pt 0cm 5.4pt;width: 432.2pt\" valign=\"top\" width=\"576\">\n<div style=\"margin: 6pt 0cm 0.0001pt 14.2pt;text-align: justify\"><em><span style=\"font-family: Arial, sans-serif;font-style: normal\">De 10:00 a 14:00 y de 15:30 a   18:30 (duraci\u00f3n total 7 horas)<\/span><\/em><\/div>\n<\/td>\n<\/tr>\n<tr>\n<td style=\"padding: 0cm 5.4pt 0cm 5.4pt;width: 432.2pt\" valign=\"top\" width=\"576\">\n<div style=\"margin: 6pt 0cm 0.0001pt;text-align: justify\"><em><b><u><span style=\"font-family: Arial, sans-serif;font-style: normal\">LUGAR:<\/span><\/u><\/b><\/em><\/div>\n<\/td>\n<\/tr>\n<tr>\n<td style=\"padding: 0cm 5.4pt 0cm 5.4pt;width: 432.2pt\" valign=\"top\" width=\"576\">\n<div style=\"margin: 6pt 0cm 0.0001pt 14.2pt;text-align: justify\"><em><span style=\"font-family: Arial, sans-serif;font-style: normal\">Colegio San Prudencio. C\/ Duque   de Wellington, 4; 01010 Vitoria-Gasteiz<\/span><\/em><\/div>\n<\/td>\n<\/tr>\n<tr>\n<td style=\"padding: 0cm 5.4pt 0cm 5.4pt;width: 432.2pt\" valign=\"top\" width=\"576\">\n<div style=\"margin: 6pt 0cm 0.0001pt;text-align: justify\"><em><b><u><span style=\"font-family: Arial, sans-serif;font-style: normal\">PRECIO:<\/span><\/u><\/b><\/em><\/div>\n<\/td>\n<\/tr>\n<tr>\n<td style=\"padding: 0cm 5.4pt 0cm 5.4pt;width: 432.2pt\" valign=\"top\" width=\"576\">\n<div style=\"margin: 6pt 0cm 0.0001pt 14.2pt;text-align: justify\"><em><u><span style=\"font-family: Arial, sans-serif;font-style: normal\">No socios\/as<\/span><\/u><\/em><em><span style=\"font-family: Arial, sans-serif;font-style: normal\">: 10 euros. Ingreso en la siguiente cuenta,   indicando el nombre y apellido de participante LA CAIXA ES14 2100 4994 1121   0025 7635<\/span><\/em><\/div>\n<div style=\"margin: 6pt 0cm 0.0001pt 14.2pt;text-align: justify\"><em><u><span style=\"font-family: Arial, sans-serif;font-style: normal\">Socios\/as<\/span><\/u><\/em><em><span style=\"font-family: Arial, sans-serif;font-style: normal\">: Gratis<\/span><\/em><\/div>\n<\/td>\n<\/tr>\n<tr>\n<td style=\"padding: 0cm 5.4pt 0cm 5.4pt;width: 432.2pt\" valign=\"top\" width=\"576\">\n<div style=\"margin: 6pt 0cm 0.0001pt;text-align: justify\"><em><b><u><span style=\"font-family: Arial, sans-serif;font-style: normal\">INSCRIPCIONES:<\/span><\/u><\/b><\/em><\/div>\n<\/td>\n<\/tr>\n<tr>\n<td style=\"padding: 0cm 5.4pt 0cm 5.4pt;width: 432.2pt\" valign=\"top\" width=\"576\">\n<div style=\"margin: 6pt 0cm 0.0001pt 14.2pt;text-align: justify\"><em><span style=\"font-family: Arial, sans-serif;font-style: normal\">Para inscribirse pulsar en el   siguiente enlace. \u00daltimo d\u00eda 28 de febrero.<\/span><\/em><\/div>\n<div style=\"margin: 6pt 0cm 0.0001pt 14.2pt;text-align: justify\"><em><span style=\"font-family: Arial, sans-serif;font-style: normal\"><a href=\"https:\/\/docs.google.com\/forms\/d\/1xGbrLICKPUYznQuHzCFFdX8Pb0YqhaIcl-gQYt0Ob0Q\/viewform?c=0&amp;w=1\">https:\/\/docs.google.com\/forms\/d\/1xGbrLICKPUYznQuHzCFFdX8Pb0YqhaIcl-gQYt0Ob0Q\/viewform?c=0&amp;w=1<\/a>  <\/span><\/em><\/div>\n<div><span><br \/><\/span><\/div>\n<div><span>No os perd\u00e1is este interesant\u00edsimo taller.<\/span><\/div>\n<div style=\"margin: 6pt 0cm 0.0001pt 14.2pt;text-align: justify\"> <\/div>\n<div><span>Nos vemos el s\u00e1bado 7 de marzo. Para cualquier duda que teng\u00e1is al respecto, no dud\u00e9is en enviarnos un email y trataremos de responderos lo antes posible.<\/span><\/div>\n<\/td>\n<\/tr>\n<\/tbody>\n<\/table>\n","protected":false},"excerpt":{"rendered":"<p>Desde Ume Alaia Araba queremos empezar fuerte con las actividades de este a\u00f1o que acaba de empezar, y que mejor que empezar con un taller muy din\u00e1mico de 7 horas de duraci\u00f3n. Esperamos que no os eche para atr\u00e1s la duraci\u00f3n, ya que va a ser tan interesante y vamos a aprender tantas cosas \u00fatiles [&hellip;]<\/p>\n","protected":false},"author":6,"featured_media":0,"comment_status":"open","ping_status":"open","sticky":false,"template":"","format":"standard","meta":{"_acf_changed":false,"footnotes":""},"categories":[1],"tags":[],"class_list":["post-227","post","type-post","status-publish","format-standard","hentry","category-sin-categorizar"],"acf":[],"_links":{"self":[{"href":"https:\/\/www.umealaia.org\/araba\/wp-json\/wp\/v2\/posts\/227","targetHints":{"allow":["GET"]}}],"collection":[{"href":"https:\/\/www.umealaia.org\/araba\/wp-json\/wp\/v2\/posts"}],"about":[{"href":"https:\/\/www.umealaia.org\/araba\/wp-json\/wp\/v2\/types\/post"}],"author":[{"embeddable":true,"href":"https:\/\/www.umealaia.org\/araba\/wp-json\/wp\/v2\/users\/6"}],"replies":[{"embeddable":true,"href":"https:\/\/www.umealaia.org\/araba\/wp-json\/wp\/v2\/comments?post=227"}],"version-history":[{"count":0,"href":"https:\/\/www.umealaia.org\/araba\/wp-json\/wp\/v2\/posts\/227\/revisions"}],"wp:attachment":[{"href":"https:\/\/www.umealaia.org\/araba\/wp-json\/wp\/v2\/media?parent=227"}],"wp:term":[{"taxonomy":"category","embeddable":true,"href":"https:\/\/www.umealaia.org\/araba\/wp-json\/wp\/v2\/categories?post=227"},{"taxonomy":"post_tag","embeddable":true,"href":"https:\/\/www.umealaia.org\/araba\/wp-json\/wp\/v2\/tags?post=227"}],"curies":[{"name":"wp","href":"https:\/\/api.w.org\/{rel}","templated":true}]}}