{"id":226,"date":"2015-02-22T22:32:00","date_gmt":"2015-02-22T21:32:00","guid":{"rendered":"https:\/\/www.umealaia.org\/araba\/2015\/02\/22\/adopcion-internacional-y-fichas-federativas\/"},"modified":"2015-02-22T22:32:00","modified_gmt":"2015-02-22T21:32:00","slug":"adopcion-internacional-y-fichas-federativas","status":"publish","type":"post","link":"https:\/\/www.umealaia.org\/araba\/2015\/02\/22\/adopcion-internacional-y-fichas-federativas\/","title":{"rendered":"Adopci\u00f3n internacional y fichas federativas"},"content":{"rendered":"<p>El pasado d\u00eda 19 de febrero intervino en el <a href=\"http:\/\/play.cadenaser.com\/audio\/cadenaser_hora25_20150219_210000_220000\/hora-25-19-02-2015-tramo-de-21-00-22-00\/\">programa hora 25 de la cadena SER<\/a> nuestra querida asociada Carmen Justicia. En su conversaci\u00f3n&nbsp;telef\u00f3nica con Angels Barcel\u00f3, Carmen denunci\u00f3 las exigencias de la Federaci\u00f3n Espa\u00f1ola de F\u00fatbol para que su hijo lograra la ficha federativa.<\/p>\n<div style=\"clear: both;text-align: center\"><a href=\"http:\/\/play.cadenaser.com\/audio\/cadenaser_hora25_20150219_210000_220000\/hora-25-19-02-2015-tramo-de-21-00-22-00\/\" style=\"margin-left: 1em;margin-right: 1em\"><img loading=\"lazy\" decoding=\"async\" alt=\" Hora 25\" border=\"0\" src=\"http:\/\/4.bp.blogspot.com\/-H_1RAxosaMQ\/VOo_06V4hwI\/AAAAAAAAPKI\/AKh6ReHAJOg\/s1600\/hora25.png\" height=\"80\" width=\"400\" \/><\/a><\/div>\n<p>La intervenci\u00f3n de m\u00e1s de 5 minutos de Carmen Justicia se da casi al final del programa, concretamente pasado el minuto 44.<\/p>\n<p>Ume Alaia Araba lleva tiempo trabajando esta injusticia que se practica desde la federaciones deportivas. Las federaciones no tratan a&nbsp;las personas espa\u00f1olas adoptadas fuera de Europa&nbsp;como espa\u00f1oles de pleno derecho al exigir requisitos que dificultan su participaci\u00f3n en el deporte federado nacional y, por tanto, su plena integraci\u00f3n en nuestra sociedad.<\/p>\n<div><\/div>\n","protected":false},"excerpt":{"rendered":"<p>El pasado d\u00eda 19 de febrero intervino en el programa hora 25 de la cadena SER nuestra querida asociada Carmen Justicia. En su conversaci\u00f3n&nbsp;telef\u00f3nica con Angels Barcel\u00f3, Carmen denunci\u00f3 las exigencias de la Federaci\u00f3n Espa\u00f1ola de F\u00fatbol para que su hijo lograra la ficha federativa. La intervenci\u00f3n de m\u00e1s de 5 minutos de Carmen Justicia [&hellip;]<\/p>\n","protected":false},"author":6,"featured_media":0,"comment_status":"open","ping_status":"open","sticky":false,"template":"","format":"standard","meta":{"_acf_changed":false,"footnotes":""},"categories":[1],"tags":[],"class_list":["post-226","post","type-post","status-publish","format-standard","hentry","category-sin-categorizar"],"acf":[],"_links":{"self":[{"href":"https:\/\/www.umealaia.org\/araba\/wp-json\/wp\/v2\/posts\/226","targetHints":{"allow":["GET"]}}],"collection":[{"href":"https:\/\/www.umealaia.org\/araba\/wp-json\/wp\/v2\/posts"}],"about":[{"href":"https:\/\/www.umealaia.org\/araba\/wp-json\/wp\/v2\/types\/post"}],"author":[{"embeddable":true,"href":"https:\/\/www.umealaia.org\/araba\/wp-json\/wp\/v2\/users\/6"}],"replies":[{"embeddable":true,"href":"https:\/\/www.umealaia.org\/araba\/wp-json\/wp\/v2\/comments?post=226"}],"version-history":[{"count":0,"href":"https:\/\/www.umealaia.org\/araba\/wp-json\/wp\/v2\/posts\/226\/revisions"}],"wp:attachment":[{"href":"https:\/\/www.umealaia.org\/araba\/wp-json\/wp\/v2\/media?parent=226"}],"wp:term":[{"taxonomy":"category","embeddable":true,"href":"https:\/\/www.umealaia.org\/araba\/wp-json\/wp\/v2\/categories?post=226"},{"taxonomy":"post_tag","embeddable":true,"href":"https:\/\/www.umealaia.org\/araba\/wp-json\/wp\/v2\/tags?post=226"}],"curies":[{"name":"wp","href":"https:\/\/api.w.org\/{rel}","templated":true}]}}