{"id":225,"date":"2015-03-22T20:02:00","date_gmt":"2015-03-22T19:02:00","guid":{"rendered":"https:\/\/www.umealaia.org\/araba\/2015\/03\/22\/la-nueva-ley-de-infancia-facilitara-el-proceso-de-adopcion-nacional\/"},"modified":"2015-03-22T20:02:00","modified_gmt":"2015-03-22T19:02:00","slug":"la-nueva-ley-de-infancia-facilitara-el-proceso-de-adopcion-nacional","status":"publish","type":"post","link":"https:\/\/www.umealaia.org\/araba\/2015\/03\/22\/la-nueva-ley-de-infancia-facilitara-el-proceso-de-adopcion-nacional\/","title":{"rendered":"La nueva ley de infancia facilitar\u00e1 el proceso de adopci\u00f3n nacional"},"content":{"rendered":"<p>El pasado 20 de febrero el Consejo de Ministros aprob\u00f3 los proyectos de Ley y de Ley Org\u00e1nica de Modificaci\u00f3n del Sistema de Protecci\u00f3n a la Infancia y a la Adolescencia. Esta nuevas normativas sustituir\u00e1n a las presentes, aunque el proceso de aprobaci\u00f3n definitiva todav\u00eda pueda demorarse unos meses. Seg\u00fan las fuentes consultadas, la norma pretende la agilizaci\u00f3n de los procedimientos de acogimiento y adopci\u00f3n en pro de los intereses del o de la menor.<\/p>\n<p><span style=\"font-size: large\">Fuentes<\/span><br \/><a href=\"http:\/\/noticias.juridicas.com\/actual\/4545-el-gobierno-aprueba-los-proyectos-de-ley-de-proteccion-de-la-infancia-y-de-la-adolescencia.html\">Noticias jur\u00eddicas<\/a> &#8211; El Gobierno aprueba los proyectos de Ley de protecci\u00f3n de la infancia y de la adolescencia<br \/><a href=\"http:\/\/www.elderecho.com\/actualidad\/Gobierno-Proyectos-Proteccion-Infancia-Adolescencia_0_784875006.html\">El Derecho <\/a>&#8211;&nbsp;El Gobierno remite a las Cortes los Proyectos de Ley de Protecci\u00f3n a la Infancia y la Adolescencia<br \/><a href=\"http:\/\/politica.elpais.com\/politica\/2015\/02\/20\/actualidad\/1424457696_907012.html\">El Pa\u00eds &#8211;<\/a> &nbsp;La nueva Ley de la Infancia agiliza el proceso de adopci\u00f3n<br \/><a href=\"http:\/\/www.lavanguardia.com\/participacion\/cartas\/20150225\/54426512225\/ley-de-la-infancia.html\">La Vanguardia<\/a> &#8211;&nbsp;Ley de la Infancia (carta al director)<\/p>\n","protected":false},"excerpt":{"rendered":"<p>El pasado 20 de febrero el Consejo de Ministros aprob\u00f3 los proyectos de Ley y de Ley Org\u00e1nica de Modificaci\u00f3n del Sistema de Protecci\u00f3n a la Infancia y a la Adolescencia. Esta nuevas normativas sustituir\u00e1n a las presentes, aunque el proceso de aprobaci\u00f3n definitiva todav\u00eda pueda demorarse unos meses. Seg\u00fan las fuentes consultadas, la norma [&hellip;]<\/p>\n","protected":false},"author":6,"featured_media":0,"comment_status":"open","ping_status":"open","sticky":false,"template":"","format":"standard","meta":{"_acf_changed":false,"footnotes":""},"categories":[1],"tags":[],"class_list":["post-225","post","type-post","status-publish","format-standard","hentry","category-sin-categorizar"],"acf":[],"_links":{"self":[{"href":"https:\/\/www.umealaia.org\/araba\/wp-json\/wp\/v2\/posts\/225","targetHints":{"allow":["GET"]}}],"collection":[{"href":"https:\/\/www.umealaia.org\/araba\/wp-json\/wp\/v2\/posts"}],"about":[{"href":"https:\/\/www.umealaia.org\/araba\/wp-json\/wp\/v2\/types\/post"}],"author":[{"embeddable":true,"href":"https:\/\/www.umealaia.org\/araba\/wp-json\/wp\/v2\/users\/6"}],"replies":[{"embeddable":true,"href":"https:\/\/www.umealaia.org\/araba\/wp-json\/wp\/v2\/comments?post=225"}],"version-history":[{"count":0,"href":"https:\/\/www.umealaia.org\/araba\/wp-json\/wp\/v2\/posts\/225\/revisions"}],"wp:attachment":[{"href":"https:\/\/www.umealaia.org\/araba\/wp-json\/wp\/v2\/media?parent=225"}],"wp:term":[{"taxonomy":"category","embeddable":true,"href":"https:\/\/www.umealaia.org\/araba\/wp-json\/wp\/v2\/categories?post=225"},{"taxonomy":"post_tag","embeddable":true,"href":"https:\/\/www.umealaia.org\/araba\/wp-json\/wp\/v2\/tags?post=225"}],"curies":[{"name":"wp","href":"https:\/\/api.w.org\/{rel}","templated":true}]}}