{"id":224,"date":"2015-04-15T21:49:00","date_gmt":"2015-04-15T20:49:00","guid":{"rendered":"https:\/\/www.umealaia.org\/araba\/2015\/04\/15\/jornadas-sobre-bullying-acoso-escolar\/"},"modified":"2015-04-15T21:49:00","modified_gmt":"2015-04-15T20:49:00","slug":"jornadas-sobre-bullying-acoso-escolar","status":"publish","type":"post","link":"https:\/\/www.umealaia.org\/araba\/2015\/04\/15\/jornadas-sobre-bullying-acoso-escolar\/","title":{"rendered":"Jornadas sobre bullying (acoso escolar)"},"content":{"rendered":"<div style=\"clear: both;text-align: center\"><a href=\"http:\/\/monite.org\/wp-content\/uploads\/2015\/03\/ilustraciones-promocionales-03.jpg\" style=\"margin-left: 1em;margin-right: 1em\"><img loading=\"lazy\" decoding=\"async\" border=\"0\" src=\"http:\/\/monite.org\/wp-content\/uploads\/2015\/03\/ilustraciones-promocionales-03.jpg\" height=\"138\" width=\"320\" \/><\/a><\/div>\n<div><\/div>\n<p>Sabemos que en los centros educativos, a veces, la convivencia entre iguales tiene muchas dificultades, pero \u00bfsabemos las familias detectar que nuestro hijo o hija est\u00e1 siendo acosado o acosada por sus iguales? \u00bfEstamos preparadas las familias para que acusen a nuestro hijo o hija de acosador o acosadora? La respuesta a las dos preguntas es probablemente \u201cno\u201d.<\/p>\n<p>Por ello desde Ume Alaia Araba, hemos preparado dos jornadas para que los profesionales nos respondan a estas dos preguntas sobre el <a href=\"http:\/\/monite.org\/inicio\/que-es-el-bullyng\/\">bullying<\/a> y a muchas m\u00e1s. Lo hemos dividido en dos jornadas, que aunque parezca que las dos tienen el mismo contenido, creemos que ser\u00e1 muy interesante tener el punto de vista, por un lado del Gobierno Vasco, que es el que hace el protocolo a seguir, y por otro el de un centro educativo, donde nos ense\u00f1ar\u00e1n con que dificultades se enfrentan a la hora de poner en pr\u00e1ctica dicho protocolo y c\u00f3mo coordinan a las familias.<\/p>\n<p><\/p>\n<h2>Jueves 7 de mayo. Hora: 18:00 \u2013 20:00 <\/h2>\n<h3>PREVENCI\u00d3N DEL BULLYING. BUENOS TRATOS EN EL MARCO ESCOLAR <\/h3>\n<p><b>Ponente:<\/b> Fernando Muga. Miembro del Berritzegune Nagusia <\/p>\n<p><b>Lugar:<\/b>&nbsp;Sal\u00f3n de actos del <a href=\"https:\/\/www.google.es\/maps\/place\/Colegio+San+Prudencio+Ikastetxea\/@42.860079,-2.690875,17z\/data=!3m1!4b1!4m2!3m1!1s0xd4fc2250a45bab9:0xbf3edb53dc8acac7?hl=es\">Colegio San Prudencio, C\/ Duque de Wellington, 4; 01010 Vitoria-Gasteiz<\/a> <\/p>\n<p><b>Contenido:<\/b> El ponente nos explicar\u00e1 el protocolo que existe en los centros educativos cuando se detectan casos de bullying. Qu\u00e9 pueden hacer las familias, a d\u00f3nde han de acudir, qu\u00e9 se considera bullying, Acoso y adopci\u00f3n, etc. <\/p>\n<p>** No habr\u00e1 servicio de guarder\u00eda <\/p>\n<p><\/p>\n<h2>S\u00e1bado 9 de mayo. Hora: 9:30 \u2013 13:30 <\/h2>\n<h3>ACOSO EN EL \u00c1MBITO ESCOLAR&nbsp;<\/h3>\n<div><\/div>\n<div><b>Ponente:<\/b> Equipo de profesionales del colegio Urkide <\/p>\n<p><b>Lugar: <\/b>Sala de usos m\u00faltiples del<a href=\"https:\/\/www.google.es\/maps\/place\/Colegio+Urkide+Ikastetxea\/@42.846189,-2.677673,17z\/data=!3m1!4b1!4m2!3m1!1s0xd4fc26cea7e11a1:0x3bc76809e8cf0fb9?hl=es\">&nbsp;Colegio Urkide, C\/ Magdalena, 8, 01008 Vitoria-Gasteiz <\/a><\/p>\n<p><b>Contenido:<\/b> Qu\u00e9 es acoso y qu\u00e9 no, agentes que intervienen, intervenci\u00f3n de las familias en coordinaci\u00f3n con el colegio, el bullying y la realidad de la adopci\u00f3n.&nbsp;<\/div>\n<div>El colegio Urkide junto con la empresa Nesplora ha creado el videojuego <a href=\"http:\/\/monite.org\/\">Monit\u00e9<\/a> sobre el bullying, al final del encuentro nos ense\u00f1ar\u00e1n c\u00f3mo utilizarlo con nuestros hijos e hijas. <\/p>\n<p>** Habr\u00e1 servicio de guarder\u00eda para ni\u00f1os y ni\u00f1as de 3 a 12 a\u00f1os <\/p>\n<ul>\n<li><a href=\"https:\/\/docs.google.com\/forms\/d\/17H0zVBBUlodNZCOhCFcjHJoBJg4r1lxhVC6oY2rduDo\/viewform?c=0&amp;w=1\">Formulario de inscripci\u00f3n.<\/a> <\/li>\n<\/ul>\n<p>Puedes pasar esta informaci\u00f3n al AMPA del colegio de tus hijos\/as, cuantas m\u00e1s familias nos informemos sobre este tema mejor.<\/div>\n","protected":false},"excerpt":{"rendered":"<p>Sabemos que en los centros educativos, a veces, la convivencia entre iguales tiene muchas dificultades, pero \u00bfsabemos las familias detectar que nuestro hijo o hija est\u00e1 siendo acosado o acosada por sus iguales? \u00bfEstamos preparadas las familias para que acusen a nuestro hijo o hija de acosador o acosadora? La respuesta a las dos preguntas [&hellip;]<\/p>\n","protected":false},"author":6,"featured_media":0,"comment_status":"open","ping_status":"open","sticky":false,"template":"","format":"standard","meta":{"_acf_changed":false,"footnotes":""},"categories":[1],"tags":[],"class_list":["post-224","post","type-post","status-publish","format-standard","hentry","category-sin-categorizar"],"acf":[],"_links":{"self":[{"href":"https:\/\/www.umealaia.org\/araba\/wp-json\/wp\/v2\/posts\/224","targetHints":{"allow":["GET"]}}],"collection":[{"href":"https:\/\/www.umealaia.org\/araba\/wp-json\/wp\/v2\/posts"}],"about":[{"href":"https:\/\/www.umealaia.org\/araba\/wp-json\/wp\/v2\/types\/post"}],"author":[{"embeddable":true,"href":"https:\/\/www.umealaia.org\/araba\/wp-json\/wp\/v2\/users\/6"}],"replies":[{"embeddable":true,"href":"https:\/\/www.umealaia.org\/araba\/wp-json\/wp\/v2\/comments?post=224"}],"version-history":[{"count":0,"href":"https:\/\/www.umealaia.org\/araba\/wp-json\/wp\/v2\/posts\/224\/revisions"}],"wp:attachment":[{"href":"https:\/\/www.umealaia.org\/araba\/wp-json\/wp\/v2\/media?parent=224"}],"wp:term":[{"taxonomy":"category","embeddable":true,"href":"https:\/\/www.umealaia.org\/araba\/wp-json\/wp\/v2\/categories?post=224"},{"taxonomy":"post_tag","embeddable":true,"href":"https:\/\/www.umealaia.org\/araba\/wp-json\/wp\/v2\/tags?post=224"}],"curies":[{"name":"wp","href":"https:\/\/api.w.org\/{rel}","templated":true}]}}