{"id":223,"date":"2015-05-16T08:21:00","date_gmt":"2015-05-16T07:21:00","guid":{"rendered":"https:\/\/www.umealaia.org\/araba\/2015\/05\/16\/bullying-resumen-de-las-jornadas\/"},"modified":"2015-05-16T08:21:00","modified_gmt":"2015-05-16T07:21:00","slug":"bullying-resumen-de-las-jornadas","status":"publish","type":"post","link":"https:\/\/www.umealaia.org\/araba\/2015\/05\/16\/bullying-resumen-de-las-jornadas\/","title":{"rendered":"Bullying &#8211; Resumen de las jornadas"},"content":{"rendered":"<p>Las jornadas sobre bullying organizadas en los colegios <a href=\"http:\/\/colegiosanprudencio.net\/\">San Prudencio<\/a> y &nbsp;<a href=\"http:\/\/www.urkide.org\/\">Urkide<\/a> tuvieron una interesante participaci\u00f3n. Como hubo muchas personas que no pudieron acudir, se comparten a continuaci\u00f3n unos breves res\u00famenes y recursos que nos ofrecieron en las charlas.<\/p>\n<p>Fernando Muga y &nbsp; Jose Miguel Crist\u00f3bal del <a href=\"http:\/\/www.berritzeguneak.net\/\">Berritzegune<\/a> Nagusia (organismo del Educaci\u00f3n del Gobierno Vasco) dieron su charla en el colegio San Prudencio el jueves 6 de mayo. Los ponentes iniciaron su charla definiendo el bullying y hablando sobre el papel de los implicados (v\u00edctima, agresor y espectador). Tambi\u00e9n ofrecieron pistas a los padres para reconocer si nuestros hij@s sufren bullying o son acosadores. Despu\u00e9s, se centr\u00f3 en el protocolo que se cre\u00f3 hace unos a\u00f1os para acabar con los casos de bullying. Explicaron c\u00f3mo funciona y aconsejaron a los padres que si consideran que su hij@ est\u00e1 siendo acosad@, que informen primero al centro y si no hay respuesta o se aplica el protocolo y despu\u00e9s de un tiempo se repite el acoso y el colegio no hace nada, que acudan a a Educaci\u00f3n. La \u00faltima opci\u00f3n que ofrec\u00edan los ponentes ser\u00eda denunciarlo a la Ertzaintza o a la polic\u00eda.<\/p>\n<p>El encuentro del s\u00e1bado 9 de mayo en Urkide fue muy interesante e instructiva. Incluso acudi\u00f3n un grupo de adolescentes que sufr\u00eda acoso escolar en busca de ayuda. Inicialmente intervino Montse Viloria, psicoterapeuta familiar y miembro del equipo de orientaci\u00f3n de educaci\u00f3n primaria del centro. En esta primera parte, la ponente se centr\u00f3 en definir el bullying y hablar de casos o circunstancias sucedidas en el centro que sirvieron de marco perfecto para ilustrar su presentaci\u00f3n. La segunda charla vers\u00f3 sobre la prevenci\u00f3n del bullying para ello Yahaira Iriarte, miembro del Centro de Innovaci\u00f3n Pedag\u00f3gica de Urkide y neuropsic\u00f3loga dio a conocer el videojuego Monit\u00e9 que hicieron junto con la empresa <a href=\"http:\/\/nesplora.com\/\">Nesplora<\/a>.<\/p>\n<h4>Recursos usados en las charlas<\/h4>\n<p>Presentaci\u00f3n del equipo del berritzegune en&nbsp;<a href=\"https:\/\/docs.google.com\/presentation\/d\/1GhkJv_BIwZBdfve5iWKx06cq7ns413IWpsvI6R6xsIM\/edit?usp=sharing\">ppt<\/a>&nbsp;o en&nbsp;<a href=\"https:\/\/drive.google.com\/file\/d\/0B-WVrVOZyru8MzZDQXFYSnZxaW8\/view?usp=sharing\">pdf<\/a>.<\/p>\n<p><a href=\"https:\/\/www.youtube.com\/channel\/UCv2X3R30cWi5cenA7qAkw-Q\">V\u00eddeos<\/a> de <a href=\"http:\/\/friends.se\/\">friends.se&nbsp;<\/a>asociaci\u00f3n sueca contra el bullying de la charla del berritzegune.<\/p>\n<div style=\"clear: both;text-align: center\"><\/div>\n<div style=\"clear: both;text-align: center\"><\/div>\n<div style=\"clear: both;text-align: center\">Ante el abuso por ser diferente<\/div>\n<div style=\"clear: both;text-align: left\"><\/div>\n<div style=\"text-align: center\"><\/div>\n<div style=\"text-align: center\"><\/div>\n<div style=\"text-align: center\"><\/div>\n<div style=\"text-align: center\">Sobre el desprecio o invisibilidad<\/div>\n<div style=\"text-align: center\"><\/div>\n<div style=\"clear: both;text-align: center\"><\/div>\n<div style=\"text-align: center\"><\/div>\n<div style=\"text-align: center\">En el F\u00fatbol<\/div>\n<div style=\"text-align: center\"><\/div>\n<div style=\"text-align: center\"><a href=\"https:\/\/www.youtube.com\/channel\/UCv2X3R30cWi5cenA7qAkw-Q\" style=\"text-align: start\">M\u00e1s v\u00eddeos<\/a><span style=\"text-align: start\">&nbsp;de friends.se<\/span><span style=\"text-align: start\">&nbsp;<\/span><span style=\"text-align: start\">asociaci\u00f3n sueca&nbsp;contra el bullying<\/span><\/div>\n<div style=\"text-align: left\"><\/div>\n<div style=\"text-align: left\">V\u00eddeo usado en la charla del equipo de Urkide para explicar las diferencias entre las personas<\/div>\n<div style=\"text-align: left\"><\/div>\n<div style=\"clear: both;text-align: center\"><\/div>\n<div style=\"clear: both;text-align: center\"><\/div>\n<div style=\"clear: both;text-align: center\">Cuadradito y redondito<\/div>\n<div style=\"clear: both;text-align: center\"><\/div>\n<div style=\"clear: both;text-align: center\"><\/div>\n<div style=\"clear: both;text-align: center\">V\u00eddeo del videojuego Monit\u00e9<\/div>\n<div style=\"text-align: left\">&nbsp;<\/div>\n<div style=\"text-align: left\"><\/div>\n<div style=\"text-align: center\"><\/div>\n","protected":false},"excerpt":{"rendered":"<p>Las jornadas sobre bullying organizadas en los colegios San Prudencio y &nbsp;Urkide tuvieron una interesante participaci\u00f3n. Como hubo muchas personas que no pudieron acudir, se comparten a continuaci\u00f3n unos breves res\u00famenes y recursos que nos ofrecieron en las charlas. Fernando Muga y &nbsp; Jose Miguel Crist\u00f3bal del Berritzegune Nagusia (organismo del Educaci\u00f3n del Gobierno Vasco) [&hellip;]<\/p>\n","protected":false},"author":6,"featured_media":0,"comment_status":"open","ping_status":"open","sticky":false,"template":"","format":"standard","meta":{"_acf_changed":false,"footnotes":""},"categories":[1],"tags":[],"class_list":["post-223","post","type-post","status-publish","format-standard","hentry","category-sin-categorizar"],"acf":[],"_links":{"self":[{"href":"https:\/\/www.umealaia.org\/araba\/wp-json\/wp\/v2\/posts\/223","targetHints":{"allow":["GET"]}}],"collection":[{"href":"https:\/\/www.umealaia.org\/araba\/wp-json\/wp\/v2\/posts"}],"about":[{"href":"https:\/\/www.umealaia.org\/araba\/wp-json\/wp\/v2\/types\/post"}],"author":[{"embeddable":true,"href":"https:\/\/www.umealaia.org\/araba\/wp-json\/wp\/v2\/users\/6"}],"replies":[{"embeddable":true,"href":"https:\/\/www.umealaia.org\/araba\/wp-json\/wp\/v2\/comments?post=223"}],"version-history":[{"count":0,"href":"https:\/\/www.umealaia.org\/araba\/wp-json\/wp\/v2\/posts\/223\/revisions"}],"wp:attachment":[{"href":"https:\/\/www.umealaia.org\/araba\/wp-json\/wp\/v2\/media?parent=223"}],"wp:term":[{"taxonomy":"category","embeddable":true,"href":"https:\/\/www.umealaia.org\/araba\/wp-json\/wp\/v2\/categories?post=223"},{"taxonomy":"post_tag","embeddable":true,"href":"https:\/\/www.umealaia.org\/araba\/wp-json\/wp\/v2\/tags?post=223"}],"curies":[{"name":"wp","href":"https:\/\/api.w.org\/{rel}","templated":true}]}}