{"id":222,"date":"2015-05-26T22:03:00","date_gmt":"2015-05-26T21:03:00","guid":{"rendered":"https:\/\/www.umealaia.org\/araba\/2015\/05\/26\/un-junio-lleno-de-actividades\/"},"modified":"2015-05-26T22:03:00","modified_gmt":"2015-05-26T21:03:00","slug":"un-junio-lleno-de-actividades","status":"publish","type":"post","link":"https:\/\/www.umealaia.org\/araba\/2015\/05\/26\/un-junio-lleno-de-actividades\/","title":{"rendered":"Un junio lleno de actividades"},"content":{"rendered":"<div><\/div>\n<p>Queremos despedir el curso 2014-15 con un par de domingos repletos de actividades. En concreto ser\u00e1n un encuentro l\u00fadico en Salburua y una excursi\u00f3n en familia, acciones que a continuaci\u00f3n detallamos.<\/p>\n<p><span style=\"font-size: large\">\u00abSoy lo m\u00e1s, m\u00edrame\u00bb. Domingo 7 de junio<\/span><\/p>\n<p>Queremos invitaros a la fiesta del domingo 7 de junio \u00abSoy lo m\u00e1s, m\u00edrame\u00bb. <br \/>Es la continuaci\u00f3n del encuentro que hicimos en las pasadas navidades. Esa vez nos reuniremos &nbsp;en un mismo espacio, concretamente en los&nbsp;<a href=\"https:\/\/www.google.es\/maps\/place\/Estrasburgo+Ibilbidea,+17\/@42.8534195,-2.650184,17z\/data=!3m1!4b1!4m2!3m1!1s0xd4fc2f2c6680f71:0xdf225f222d561b7d\">locales de la asociaci\u00f3n en Paseo de Estrasburgo 17<\/a> .<\/p>\n<div>\n<div>Desde las 11:00 hasta las 14:30 h os proponemos una serie de actividades l\u00fadico-festivas para todos\/as. Hay talleres de baile, manualidades y graffitti (esta vez, un mural en la calle, realizado con sprays).&nbsp;<\/div>\n<div><\/div>\n<div><a href=\"https:\/\/mail.google.com\/mail\/u\/0\/?ui=2&amp;ik=25fb099bcf&amp;view=fimg&amp;th=14d916d5d861106f&amp;attid=0.0.1&amp;disp=emb&amp;realattid=ii_ia3prwaw0_14d8a7b9d0a22018&amp;attbid=ANGjdJ-FAorlwPBqWiPM3VCMUca40LgtZ7zNt9FwCOy36S4A8rSOx1AlsTNUOJrRhxuaoKXEOf58o1wTwc_NeEsxD-Rg68iyyVMQ_uU9IWdeecuCcDOLTMEKSypyDbw&amp;sz=w1126-h606&amp;ats=1432671605042&amp;rm=14d916d5d861106f&amp;zw&amp;atsh=1\" style=\"clear: left;float: left;margin-bottom: 1em;margin-right: 1em\"><img loading=\"lazy\" decoding=\"async\" border=\"0\" height=\"107\" src=\"https:\/\/mail.google.com\/mail\/u\/0\/?ui=2&amp;ik=25fb099bcf&amp;view=fimg&amp;th=14d916d5d861106f&amp;attid=0.0.1&amp;disp=emb&amp;realattid=ii_ia3prwaw0_14d8a7b9d0a22018&amp;attbid=ANGjdJ-FAorlwPBqWiPM3VCMUca40LgtZ7zNt9FwCOy36S4A8rSOx1AlsTNUOJrRhxuaoKXEOf58o1wTwc_NeEsxD-Rg68iyyVMQ_uU9IWdeecuCcDOLTMEKSypyDbw&amp;sz=w1126-h606&amp;ats=1432671605042&amp;rm=14d916d5d861106f&amp;zw&amp;atsh=1\" width=\"200\" \/><\/a>La entrada es libre, abierta y gratuita, pero agradecer\u00edamos que os inscribierais <a href=\"https:\/\/docs.google.com\/forms\/d\/1zCHGaJ9l4F-clFblIOYcFeizQWTt1TAhnOu2UsaR8Rw\/viewform\">aqu\u00ed<\/a> para los talleres, a fin de hacer una previsi\u00f3n correcta de los materiales. Durante todo el tiempo, dispondremos de unas mesas con almuerzo para pasar un rato hablando e intercambiando experiencias mientras los m\u00e1s j\u00f3venes lo pasan bien.&nbsp;<\/p>\n<div><a href=\"https:\/\/drive.google.com\/file\/d\/0B5j6sNPYtAqFNmt2Qi1Wd3JuQ1RTOVBsY2VGLW82ZTcwRFdB\/view?usp=sharing\">M\u00e1s informaci\u00f3n<\/a><\/div>\n<div>\n<div>\n<div><span style=\"font-size: large\"><br \/><\/span><\/div>\n<div><span style=\"font-size: large\">\u00abUn d\u00eda en familia\u00bb.&nbsp;Domingo 14 de junio<\/span><\/div>\n<div><span style=\"font-size: large\"><br \/><\/span>Consiste en una visita a la <a href=\"http:\/\/www.lacturale.com\/\">granja de Lacturale<\/a>, cerca de Pamplona, y luego comer y pasar la tarde en el parque de la ciudadela de Pamplona (la comida la lleva cada uno). Dependiendo del n\u00famero que seamos iremos en autob\u00fas o llevaremos los coches.<\/div>\n<div>\n<ul>\n<li>Hora de salida 10:15 (desde los locales de la asociaci\u00f3n en la calle Estrasburgo)<\/li>\n<li>Hora de vuelta 18.30 (salida desde Pamplona)<\/li>\n<\/ul>\n<p>Precio<\/p>\n<ul>\n<li>Socios 7 euros (5 euros los menores de 6 a\u00f1os)<\/li>\n<li>No socios 9 euros (7 euros menores de 6 a\u00f1os)<\/li>\n<\/ul>\n<p><a href=\"https:\/\/docs.google.com\/forms\/d\/1QbGJvkSfcYgte7uU1oeHz8_DQkkNFukA-iWMHoDHf20\/viewform?c=0&amp;w=1\">Inscripciones<\/a>&nbsp;&nbsp;y pago antes del 30 de mayo.<br \/>Ingresar en &nbsp;La Caixa 2100 4994 1121 0025 7635<\/div>\n<\/div>\n<\/div>\n<\/div>\n<\/div>\n<div><\/div>\n<div>Para m\u00e1s informaci\u00f3n no dud\u00e9is en contactar con nosotros <a href=\"mailto:umealaia.araba@gmail.com\">umealaia.araba@gmail.com<\/a><\/div>\n","protected":false},"excerpt":{"rendered":"<p>Queremos despedir el curso 2014-15 con un par de domingos repletos de actividades. En concreto ser\u00e1n un encuentro l\u00fadico en Salburua y una excursi\u00f3n en familia, acciones que a continuaci\u00f3n detallamos. \u00abSoy lo m\u00e1s, m\u00edrame\u00bb. Domingo 7 de junio Queremos invitaros a la fiesta del domingo 7 de junio \u00abSoy lo m\u00e1s, m\u00edrame\u00bb. Es la [&hellip;]<\/p>\n","protected":false},"author":6,"featured_media":0,"comment_status":"open","ping_status":"open","sticky":false,"template":"","format":"standard","meta":{"_acf_changed":false,"footnotes":""},"categories":[1],"tags":[],"class_list":["post-222","post","type-post","status-publish","format-standard","hentry","category-sin-categorizar"],"acf":[],"_links":{"self":[{"href":"https:\/\/www.umealaia.org\/araba\/wp-json\/wp\/v2\/posts\/222","targetHints":{"allow":["GET"]}}],"collection":[{"href":"https:\/\/www.umealaia.org\/araba\/wp-json\/wp\/v2\/posts"}],"about":[{"href":"https:\/\/www.umealaia.org\/araba\/wp-json\/wp\/v2\/types\/post"}],"author":[{"embeddable":true,"href":"https:\/\/www.umealaia.org\/araba\/wp-json\/wp\/v2\/users\/6"}],"replies":[{"embeddable":true,"href":"https:\/\/www.umealaia.org\/araba\/wp-json\/wp\/v2\/comments?post=222"}],"version-history":[{"count":0,"href":"https:\/\/www.umealaia.org\/araba\/wp-json\/wp\/v2\/posts\/222\/revisions"}],"wp:attachment":[{"href":"https:\/\/www.umealaia.org\/araba\/wp-json\/wp\/v2\/media?parent=222"}],"wp:term":[{"taxonomy":"category","embeddable":true,"href":"https:\/\/www.umealaia.org\/araba\/wp-json\/wp\/v2\/categories?post=222"},{"taxonomy":"post_tag","embeddable":true,"href":"https:\/\/www.umealaia.org\/araba\/wp-json\/wp\/v2\/tags?post=222"}],"curies":[{"name":"wp","href":"https:\/\/api.w.org\/{rel}","templated":true}]}}