{"id":220,"date":"2015-06-18T23:21:00","date_gmt":"2015-06-18T22:21:00","guid":{"rendered":"https:\/\/www.umealaia.org\/araba\/2015\/06\/18\/cronica-de-las-actividades-ludicas-de-junio\/"},"modified":"2015-06-18T23:21:00","modified_gmt":"2015-06-18T22:21:00","slug":"cronica-de-las-actividades-ludicas-de-junio","status":"publish","type":"post","link":"https:\/\/www.umealaia.org\/araba\/2015\/06\/18\/cronica-de-las-actividades-ludicas-de-junio\/","title":{"rendered":"Cr\u00f3nica de las actividades l\u00fadicas de junio"},"content":{"rendered":"<p>El pasado domingo 7 de julio por la ma\u00f1ana&nbsp;celebramos la fiesta <strong>Soy lo m\u00e1s<\/strong>&nbsp;en los locales de Salburua.&nbsp;En el evento participaron alrededor de 50 personas y siguiendo el&nbsp;orden previsto realizamos&nbsp;tres actividades: <\/p>\n<ul>\n<li>Soy Arte &#8211; Taller de manualidades: para iniciar&nbsp;la jornada&nbsp;se hicieron pompones, molinillos, dibujos&#8230;<\/li>\n<li>Soy Hip-hop Clase de danza urbana: se prepar\u00f3 una breve coreograf\u00eda que hizo pasar un rato muy divertido.<\/li>\n<li>Soy magic -Espect\u00e1culo de magia. Un par de j\u00f3venes magos aficionados pusieron la guinda al fin de fiesta.<\/li>\n<\/ul>\n<div style=\"clear: both;text-align: center\"><a href=\"http:\/\/2.bp.blogspot.com\/-fYDpSAK1VXA\/VYM-37v2HWI\/AAAAAAAAPPA\/VO8bF4ao5_s\/s1600\/lacturale.jpg\" style=\"margin-left: 1em;margin-right: 1em\"><img loading=\"lazy\" decoding=\"async\" border=\"0\" height=\"239\" src=\"http:\/\/2.bp.blogspot.com\/-fYDpSAK1VXA\/VYM-37v2HWI\/AAAAAAAAPPA\/VO8bF4ao5_s\/s320\/lacturale.jpg\" width=\"320\" \/><\/a><\/div>\n<div><\/div>\n<div><\/div>\n<p>La otra acci\u00f3n l\u00fadica del mes de junio fue el pasado domingo 14. Ese d\u00eda nos fuimos 47 personas de excursi\u00f3n a la granja Lacturale en Irurz\u00fan. El viaje se inici\u00f3 con el autob\u00fas a rebosar de alegr\u00eda y buen ambiente. Como llegamos con tiempo, dimos un paseo a la cercana Etxeberri hasta que se nos hizo la hora. La visita a la granja de producci\u00f3n de leche se hizo en dos grupos, los m\u00e1s peque\u00f1os por un lado y los mayores por otro.<br \/>La visita finaliz\u00f3 a las 14:30 y nos dirigimos a la ciudadela de Pamplona, donde tras la comida aprovechamos los hinchables y m\u00e1s actos festivos de una actividad &nbsp;l\u00fadica, organizada en el mismo lugar y ajena a nuestra asociaci\u00f3n. De acuerdo a la hora prevista, cogimos el bus de regreso para llegar a Vitoria hacia las 20h.<\/p>\n<p>Ambas experiencias tuvieron muy buena acogida entre las personas asistentes, y esperamos que quien no haya podido acudir se pueda acercar a la pr\u00f3xima. \u00bfCu\u00e1ndo?&nbsp;A la vuelta del verano, concretamente el domingo 13 de septiembe en las campas de Olarizu, v\u00edspera de la romer\u00eda. All\u00ed pasaremos el d\u00eda con el objetivo de disfrutar de un buen rato.<\/p>\n<p><span><\/span><span><br \/><\/span><\/p>\n","protected":false},"excerpt":{"rendered":"<p>El pasado domingo 7 de julio por la ma\u00f1ana&nbsp;celebramos la fiesta Soy lo m\u00e1s&nbsp;en los locales de Salburua.&nbsp;En el evento participaron alrededor de 50 personas y siguiendo el&nbsp;orden previsto realizamos&nbsp;tres actividades: Soy Arte &#8211; Taller de manualidades: para iniciar&nbsp;la jornada&nbsp;se hicieron pompones, molinillos, dibujos&#8230; Soy Hip-hop Clase de danza urbana: se prepar\u00f3 una breve coreograf\u00eda [&hellip;]<\/p>\n","protected":false},"author":6,"featured_media":0,"comment_status":"open","ping_status":"open","sticky":false,"template":"","format":"standard","meta":{"_acf_changed":false,"footnotes":""},"categories":[1],"tags":[],"class_list":["post-220","post","type-post","status-publish","format-standard","hentry","category-sin-categorizar"],"acf":[],"_links":{"self":[{"href":"https:\/\/www.umealaia.org\/araba\/wp-json\/wp\/v2\/posts\/220","targetHints":{"allow":["GET"]}}],"collection":[{"href":"https:\/\/www.umealaia.org\/araba\/wp-json\/wp\/v2\/posts"}],"about":[{"href":"https:\/\/www.umealaia.org\/araba\/wp-json\/wp\/v2\/types\/post"}],"author":[{"embeddable":true,"href":"https:\/\/www.umealaia.org\/araba\/wp-json\/wp\/v2\/users\/6"}],"replies":[{"embeddable":true,"href":"https:\/\/www.umealaia.org\/araba\/wp-json\/wp\/v2\/comments?post=220"}],"version-history":[{"count":0,"href":"https:\/\/www.umealaia.org\/araba\/wp-json\/wp\/v2\/posts\/220\/revisions"}],"wp:attachment":[{"href":"https:\/\/www.umealaia.org\/araba\/wp-json\/wp\/v2\/media?parent=220"}],"wp:term":[{"taxonomy":"category","embeddable":true,"href":"https:\/\/www.umealaia.org\/araba\/wp-json\/wp\/v2\/categories?post=220"},{"taxonomy":"post_tag","embeddable":true,"href":"https:\/\/www.umealaia.org\/araba\/wp-json\/wp\/v2\/tags?post=220"}],"curies":[{"name":"wp","href":"https:\/\/api.w.org\/{rel}","templated":true}]}}