{"id":219,"date":"2015-06-25T21:57:00","date_gmt":"2015-06-25T20:57:00","guid":{"rendered":"https:\/\/www.umealaia.org\/araba\/2015\/06\/25\/nos-volvemos-a-ver-en-septiembre\/"},"modified":"2015-06-25T21:57:00","modified_gmt":"2015-06-25T20:57:00","slug":"nos-volvemos-a-ver-en-septiembre","status":"publish","type":"post","link":"https:\/\/www.umealaia.org\/araba\/2015\/06\/25\/nos-volvemos-a-ver-en-septiembre\/","title":{"rendered":"Nos volvemos a ver en septiembre"},"content":{"rendered":"<p>Despu\u00e9s de un junio muy animado, nos vamos de vacaciones.<br \/>Siguiendo la tradici\u00f3n, comenzaremos las actividades de la asociaci\u00f3n del curso 2015-2016 el domingo 13 de septiembre en las campas de Olarizu, donde nos reuniremos para pasar el d\u00eda. Aprovecharemos que es la v\u00edspera de la romer\u00eda para disfrutar del parque limpio y preparado para la fiesta. Como siempre haremos alguna actividad y echaremos alg\u00fan partidillo que otro. Adem\u00e1s nos contaremos c\u00f3mo nos han ido las vacaciones y el inicio de curso.<\/p>\n<p>\u00a1Pasad un buen verano!<\/p>\n<div style=\"clear: both;text-align: center\"><a href=\"http:\/\/www.beevoz.com\/wp-content\/uploads\/2014\/06\/felices-vacaciones-Apagar-equipo-png-598x380.png\" style=\"clear: left;float: left;margin-bottom: 1em;margin-right: 1em\"><img loading=\"lazy\" decoding=\"async\" alt=\"felices-vacaciones-Apagar-equipo-png\" border=\"0\" height=\"203\" src=\"http:\/\/www.beevoz.com\/wp-content\/uploads\/2014\/06\/felices-vacaciones-Apagar-equipo-png-598x380.png\" width=\"320\" \/><\/a><\/div>\n","protected":false},"excerpt":{"rendered":"<p>Despu\u00e9s de un junio muy animado, nos vamos de vacaciones.Siguiendo la tradici\u00f3n, comenzaremos las actividades de la asociaci\u00f3n del curso 2015-2016 el domingo 13 de septiembre en las campas de Olarizu, donde nos reuniremos para pasar el d\u00eda. Aprovecharemos que es la v\u00edspera de la romer\u00eda para disfrutar del parque limpio y preparado para la [&hellip;]<\/p>\n","protected":false},"author":6,"featured_media":0,"comment_status":"open","ping_status":"open","sticky":false,"template":"","format":"standard","meta":{"_acf_changed":false,"footnotes":""},"categories":[1],"tags":[],"class_list":["post-219","post","type-post","status-publish","format-standard","hentry","category-sin-categorizar"],"acf":[],"_links":{"self":[{"href":"https:\/\/www.umealaia.org\/araba\/wp-json\/wp\/v2\/posts\/219","targetHints":{"allow":["GET"]}}],"collection":[{"href":"https:\/\/www.umealaia.org\/araba\/wp-json\/wp\/v2\/posts"}],"about":[{"href":"https:\/\/www.umealaia.org\/araba\/wp-json\/wp\/v2\/types\/post"}],"author":[{"embeddable":true,"href":"https:\/\/www.umealaia.org\/araba\/wp-json\/wp\/v2\/users\/6"}],"replies":[{"embeddable":true,"href":"https:\/\/www.umealaia.org\/araba\/wp-json\/wp\/v2\/comments?post=219"}],"version-history":[{"count":0,"href":"https:\/\/www.umealaia.org\/araba\/wp-json\/wp\/v2\/posts\/219\/revisions"}],"wp:attachment":[{"href":"https:\/\/www.umealaia.org\/araba\/wp-json\/wp\/v2\/media?parent=219"}],"wp:term":[{"taxonomy":"category","embeddable":true,"href":"https:\/\/www.umealaia.org\/araba\/wp-json\/wp\/v2\/categories?post=219"},{"taxonomy":"post_tag","embeddable":true,"href":"https:\/\/www.umealaia.org\/araba\/wp-json\/wp\/v2\/tags?post=219"}],"curies":[{"name":"wp","href":"https:\/\/api.w.org\/{rel}","templated":true}]}}