{"id":218,"date":"2015-09-03T18:52:00","date_gmt":"2015-09-03T17:52:00","guid":{"rendered":"https:\/\/www.umealaia.org\/araba\/2015\/09\/03\/jornada-del-19-de-septiembre-en-bilbao-la-adolescencia-en-menores-adoptadosas\/"},"modified":"2015-09-03T18:52:00","modified_gmt":"2015-09-03T17:52:00","slug":"jornada-del-19-de-septiembre-en-bilbao-la-adolescencia-en-menores-adoptadosas","status":"publish","type":"post","link":"https:\/\/www.umealaia.org\/araba\/2015\/09\/03\/jornada-del-19-de-septiembre-en-bilbao-la-adolescencia-en-menores-adoptadosas\/","title":{"rendered":"Jornada del 19 de Septiembre en Bilbao: La  adolescencia en menores adoptados\/as."},"content":{"rendered":"<p>Esperamos que el verano os haya recargado de energ\u00eda para el resto del curso.<\/p>\n<p>Por nuestra parte, las tres asociaciones existentes en el Pa\u00eds Vasco (Ume Alaia Gipuzkoa, Bizkaia y Araba) hemos organizado una jornada sobre adolescencia para el <b>19 de Septiembre en Bilbao<\/b>.  Habr\u00e1 un evento para los adultos (conferencias, etc) y simult\u00e1neamente, otro (actividades l\u00fadicas, conciertos y talleres) para los\/as j\u00f3venes adolescentes. Dispondremos de un autob\u00fas para desplazarnos a los dos lugares donde se realizar\u00e1n dichos encuentros.<\/p>\n<p>Os publicamos toda la informaci\u00f3n de la jornada para los adultos aqu\u00ed y, m\u00e1s abajo, el folleto para los m\u00e1s j\u00f3venes, para que se animen a participar. <b>&nbsp;<\/b><\/p>\n<p><b>Importante<\/b>: Los menores de edad deber\u00e1n entregar autorizaci\u00f3n, ya que las actividades ser\u00e1n en un recinto diferente: <span style=\"color: red\"><a href=\"https:\/\/drive.google.com\/file\/d\/0B-WVrVOZyru8dS1laDIwYzBSakU\/view?usp=sharing\" target=\"_blank\">pulsa aqu\u00ed para descargar autorizaci\u00f3n.<\/a><\/span><\/p>\n<p>La Jornada T\u00e9cnica para Padres y Profesionales constar\u00e1 de dos Conferencias:<\/p>\n<p><b>\u201cDesarrollo neurol\u00f3gico en personas adoptadas: Recursos Familiares y Profesionales \u00fatiles\u201d<\/b><br \/><span style=\"font-size: xx-small\">D\u00f1a. Marina de Santiago (Experta en Brain Mapping como diagn\u00f3stico especializado en trastornos del desarrollo)<\/span> <span style=\"font-size: xx-small\">Presentaci\u00f3n orientada a describir las consecuencias que la deprivaci\u00f3n y la institucionalizaci\u00f3n provocan en el desarrollo neurol\u00f3gico de los menores y sus conductas y expresiones derivadas. Nos aportar\u00e1 una visi\u00f3n realista sobre los conceptos de reparaci\u00f3n y paliaci\u00f3n, as\u00ed como un acercamiento descriptivo breve a las \u00faltimas investigaciones y modelos terap\u00e9uticos.<\/p>\n<p><b><span style=\"font-size: small\">\u201cElaborando duelos, ajustando expectativas: Ideas que generan sufrimiento. Ser realista no significa ser pesimista\u201d<\/span><\/b><\/span><br \/><span style=\"font-size: xx-small\">D. Alberto Rodr\u00edguez (psic\u00f3logo, y coordinador de \u00e1rea de acogimiento y adopci\u00f3n y supervisor del Programa de Ayuda a la Adopci\u00f3n para la Diputaci\u00f3n Foral de Bizkaia) y D\u00f1a. Arantza Llona Rivas (psic\u00f3loga y coordinadora del Programa de Ayuda a la Adopci\u00f3n que gestiona Agintzari para la Diputaci\u00f3n Foral de Bizkaia) orientar\u00e1n su ponencia en ayudar a las Familias a adecuar sus expectativas y centrar sus esfuerzos en los menores, abordando algunos de los mitos m\u00e1s extendidos entre Familias y Personas Adoptadas y que desde un punto de vista profesional incrementan a veces el sufrimiento. Abordar\u00e1n el encuentro desde una din\u00e1mica participativa y psicoemocional, con el fin de hacer comprender y diferenciar lo que se puede hacer a nivel familiar y a nivel profesional.<\/span><\/p>\n<p><a href=\"https:\/\/drive.google.com\/file\/d\/0B-WVrVOZyru8dkZYVmotSVRMcnM\/view?usp=sharing\" target=\"_blank\"><span style=\"color: red\"><span style=\"font-size: x-small\">Informaci\u00f3n m\u00e1s detallada sobre la jornada de adultos<\/span><\/span><\/a><br \/><a href=\"https:\/\/drive.google.com\/file\/d\/0B-WVrVOZyru8eGZrUE5adlhVOUk\/view?usp=sharing\" target=\"_blank\"><span style=\"color: red\"><span style=\"font-size: x-small\">Informaci\u00f3n m\u00e1s detallada sobre la jornada para adolescentes <\/span><\/span><\/a><\/p>\n<p>Podeis inscribiros a la vez adultos y menores on line, <span style=\"color: red\"><a href=\"https:\/\/docs.google.com\/forms\/d\/1k-u_4vphnbTLWt65F9t1zE3JyqrP0_zmfyLvZzz0jYA\/viewform\" target=\"_blank\">aqu\u00ed<\/a><\/span><\/p>\n<p><a href=\"http:\/\/4.bp.blogspot.com\/-3PYFYLcexjI\/VeRDXpDphLI\/AAAAAAAAATU\/5YyhIpYb8bI\/s1600\/EncuentroJovenB.jpg\" style=\"margin-left: 1em;margin-right: 1em\"><\/a><a href=\"http:\/\/2.bp.blogspot.com\/-xpo08aoB0t0\/VeRC1_LDjLI\/AAAAAAAAATM\/H4W7HFP9ipM\/s1600\/EncuentroJovenA.jpg\" style=\"margin-left: 1em;margin-right: 1em\"><img loading=\"lazy\" decoding=\"async\" border=\"0\" height=\"320\" src=\"http:\/\/2.bp.blogspot.com\/-xpo08aoB0t0\/VeRC1_LDjLI\/AAAAAAAAATM\/H4W7HFP9ipM\/s320\/EncuentroJovenA.jpg\" width=\"153\" \/><\/a><a href=\"http:\/\/4.bp.blogspot.com\/-3PYFYLcexjI\/VeRDXpDphLI\/AAAAAAAAATU\/5YyhIpYb8bI\/s1600\/EncuentroJovenB.jpg\" style=\"margin-left: 1em;margin-right: 1em\"><img loading=\"lazy\" decoding=\"async\" border=\"0\" height=\"320\" src=\"http:\/\/4.bp.blogspot.com\/-3PYFYLcexjI\/VeRDXpDphLI\/AAAAAAAAATU\/5YyhIpYb8bI\/s320\/EncuentroJovenB.jpg\" width=\"151\" \/><\/a><\/p>\n","protected":false},"excerpt":{"rendered":"<p>Esperamos que el verano os haya recargado de energ\u00eda para el resto del curso. Por nuestra parte, las tres asociaciones existentes en el Pa\u00eds Vasco (Ume Alaia Gipuzkoa, Bizkaia y Araba) hemos organizado una jornada sobre adolescencia para el 19 de Septiembre en Bilbao. Habr\u00e1 un evento para los adultos (conferencias, etc) y simult\u00e1neamente, otro [&hellip;]<\/p>\n","protected":false},"author":6,"featured_media":0,"comment_status":"open","ping_status":"open","sticky":false,"template":"","format":"standard","meta":{"_acf_changed":false,"footnotes":""},"categories":[1],"tags":[],"class_list":["post-218","post","type-post","status-publish","format-standard","hentry","category-sin-categorizar"],"acf":[],"_links":{"self":[{"href":"https:\/\/www.umealaia.org\/araba\/wp-json\/wp\/v2\/posts\/218","targetHints":{"allow":["GET"]}}],"collection":[{"href":"https:\/\/www.umealaia.org\/araba\/wp-json\/wp\/v2\/posts"}],"about":[{"href":"https:\/\/www.umealaia.org\/araba\/wp-json\/wp\/v2\/types\/post"}],"author":[{"embeddable":true,"href":"https:\/\/www.umealaia.org\/araba\/wp-json\/wp\/v2\/users\/6"}],"replies":[{"embeddable":true,"href":"https:\/\/www.umealaia.org\/araba\/wp-json\/wp\/v2\/comments?post=218"}],"version-history":[{"count":0,"href":"https:\/\/www.umealaia.org\/araba\/wp-json\/wp\/v2\/posts\/218\/revisions"}],"wp:attachment":[{"href":"https:\/\/www.umealaia.org\/araba\/wp-json\/wp\/v2\/media?parent=218"}],"wp:term":[{"taxonomy":"category","embeddable":true,"href":"https:\/\/www.umealaia.org\/araba\/wp-json\/wp\/v2\/categories?post=218"},{"taxonomy":"post_tag","embeddable":true,"href":"https:\/\/www.umealaia.org\/araba\/wp-json\/wp\/v2\/tags?post=218"}],"curies":[{"name":"wp","href":"https:\/\/api.w.org\/{rel}","templated":true}]}}