{"id":217,"date":"2015-10-13T16:53:00","date_gmt":"2015-10-13T15:53:00","guid":{"rendered":"https:\/\/www.umealaia.org\/araba\/2015\/10\/13\/dos-charlas-para-mejorar-la-relacion-y-los-vinculos-familiares\/"},"modified":"2015-10-13T16:53:00","modified_gmt":"2015-10-13T15:53:00","slug":"dos-charlas-para-mejorar-la-relacion-y-los-vinculos-familiares","status":"publish","type":"post","link":"https:\/\/www.umealaia.org\/araba\/2015\/10\/13\/dos-charlas-para-mejorar-la-relacion-y-los-vinculos-familiares\/","title":{"rendered":"Dos charlas para mejorar la relaci\u00f3n y los v\u00ednculos familiares"},"content":{"rendered":"<p><!--[if gte mso 9]&gt;   Normal  0  21                  MicrosoftInternetExplorer4 &lt;![endif]-->Con los t\u00edtulos \u201cVolver a amar, volver a confiar\u201d y \u201cEl proceso de aprendizaje del ni\u00f1o o ni\u00f1a adoptada\u201d, las psic\u00f3logas <a href=\"http:\/\/www.pepahorno.es\/\" target=\"_blank\">Pepa Horno<\/a> y <a href=\"https:\/\/www.linkedin.com\/pub\/arantza-belastegui\/6b\/188\/a7\" target=\"_blank\">Arantza Belastegui<\/a> ofrecer\u00e1n sendas charlas el 24 de octubre y el 14 de noviembre.<\/p>\n<div>Dentro del programa de apoyo post-adoptivo, la <a href=\"http:\/\/www.alava.net\/cs\/Satellite?c=DPA_Noticia_FA&amp;cid=1224016885743&amp;language=es_ES&amp;pageid=1193045193034&amp;pagename=DiputacionAlava\/DPA_Noticia_FA\/DPA_noticia\" target=\"_blank\">Diputaci\u00f3n Foral de \u00c1lava<\/a> invita a las familias que han adoptado a un hijo o hija a varias charlas que les ayudar\u00e1n a fomentar una mejor relaci\u00f3n familiar, lograr v\u00ednculos m\u00e1s fortalecidos con sus hijos e hijas e incluso trabajar desde un punto de vista resiliente.<\/div>\n<p>Bajo el t\u00edtulo \u201cVolver a amar, volver a confiar\u201d, tendr\u00e1 lugar la <b>primera charla<\/b>, que correr\u00e1 a cargo de la psic\u00f3loga <a href=\"http:\/\/www.pepahorno.es\/\" target=\"_blank\">Pepa Horno<\/a>, especialista en infancia, afectividad y protecci\u00f3n, el pr\u00f3ximo d\u00eda 24 de octubre. Abordar\u00e1 el miedo de los ni\u00f1os y ni\u00f1as adoptivas y c\u00f3mo les condiciona para vincularse con su nueva familia.<\/p>\n<p>La <b>segunda charla<\/b> tendr\u00e1 lugar el 14 de noviembre. Con el t\u00edtulo \u201cEl proceso de aprendizaje del ni\u00f1o o ni\u00f1a adoptada\u201d, la psic\u00f3loga y asesora escolar <a href=\"https:\/\/www.linkedin.com\/pub\/arantza-belastegui\/6b\/188\/a7\" target=\"_blank\">Arantza Belastegui<\/a>, abordar\u00e1 el reto de la colaboraci\u00f3n familia-escuela.<\/p>\n<p><span><\/span>Las citas tendr\u00e1n lugar en el <a href=\"https:\/\/www.google.es\/maps\/place\/Archivo+Hist%C3%B3rico+Provincial+de+%C3%81lava\/@42.8402663,-2.686228,15z\/data=!4m5!1m2!2m1!1sarchivo+provincial+vitoria!3m1!1s0xd4fc27766c330e9:0xd53f37c89aba979a\" target=\"_blank\">Archivo Provincial<\/a> (en la calle Zumaquera de Vitoria-Gasteiz) de 11:00 a 13:00 horas y las familias interesadas podr\u00e1n inscribirse llamando al tel\u00e9fono <a href=\"tel:\/\/945274096\">945 274 096<\/a>  o escribiendo un mail a <a href=\"mailto:ifbsinfancia@alava.net\">ifbsinfancia@alava.net<\/a><\/p>\n","protected":false},"excerpt":{"rendered":"<p>Con los t\u00edtulos \u201cVolver a amar, volver a confiar\u201d y \u201cEl proceso de aprendizaje del ni\u00f1o o ni\u00f1a adoptada\u201d, las psic\u00f3logas Pepa Horno y Arantza Belastegui ofrecer\u00e1n sendas charlas el 24 de octubre y el 14 de noviembre. Dentro del programa de apoyo post-adoptivo, la Diputaci\u00f3n Foral de \u00c1lava invita a las familias que han [&hellip;]<\/p>\n","protected":false},"author":6,"featured_media":0,"comment_status":"open","ping_status":"open","sticky":false,"template":"","format":"standard","meta":{"_acf_changed":false,"footnotes":""},"categories":[1],"tags":[],"class_list":["post-217","post","type-post","status-publish","format-standard","hentry","category-sin-categorizar"],"acf":[],"_links":{"self":[{"href":"https:\/\/www.umealaia.org\/araba\/wp-json\/wp\/v2\/posts\/217","targetHints":{"allow":["GET"]}}],"collection":[{"href":"https:\/\/www.umealaia.org\/araba\/wp-json\/wp\/v2\/posts"}],"about":[{"href":"https:\/\/www.umealaia.org\/araba\/wp-json\/wp\/v2\/types\/post"}],"author":[{"embeddable":true,"href":"https:\/\/www.umealaia.org\/araba\/wp-json\/wp\/v2\/users\/6"}],"replies":[{"embeddable":true,"href":"https:\/\/www.umealaia.org\/araba\/wp-json\/wp\/v2\/comments?post=217"}],"version-history":[{"count":0,"href":"https:\/\/www.umealaia.org\/araba\/wp-json\/wp\/v2\/posts\/217\/revisions"}],"wp:attachment":[{"href":"https:\/\/www.umealaia.org\/araba\/wp-json\/wp\/v2\/media?parent=217"}],"wp:term":[{"taxonomy":"category","embeddable":true,"href":"https:\/\/www.umealaia.org\/araba\/wp-json\/wp\/v2\/categories?post=217"},{"taxonomy":"post_tag","embeddable":true,"href":"https:\/\/www.umealaia.org\/araba\/wp-json\/wp\/v2\/tags?post=217"}],"curies":[{"name":"wp","href":"https:\/\/api.w.org\/{rel}","templated":true}]}}