{"id":215,"date":"2015-10-25T10:12:00","date_gmt":"2015-10-25T09:12:00","guid":{"rendered":"https:\/\/www.umealaia.org\/araba\/2015\/10\/25\/cafe-tertulia-martes-3-de-noviembre-a-las-1900\/"},"modified":"2015-10-25T10:12:00","modified_gmt":"2015-10-25T09:12:00","slug":"cafe-tertulia-martes-3-de-noviembre-a-las-1900","status":"publish","type":"post","link":"https:\/\/www.umealaia.org\/araba\/2015\/10\/25\/cafe-tertulia-martes-3-de-noviembre-a-las-1900\/","title":{"rendered":"Caf\u00e9 tertulia: martes 3 de noviembre a las 19:00"},"content":{"rendered":"<p>Os convocamos al caf\u00e9 tertulia que tendr\u00e1 lugar en los&nbsp;<a href=\"https:\/\/www.google.es\/maps\/place\/Estrasburgo+Ibilbidea,+17\/@42.8534195,-2.650184,17z\/data=!3m1!4b1!4m2!3m1!1s0xd4fc2f2c6680f71:0xdf225f222d561b7d\">locales de la asociaci\u00f3n<\/a>&nbsp;el martes 3 de noviembre a las 19:00.<br \/>Si hay alg\u00fan tema que sea de vuestro inter\u00e9s, nos gustar\u00eda que nos lo&nbsp;<a href=\"mailto:umealaia.araba@gmail.com\">hicierais saber<\/a>&nbsp;e intentaremos darle cabida ese martes.<br \/>Os esperamos.<\/p>\n<div style=\"clear: both;text-align: center\"><\/div>\n<div style=\"clear: both;text-align: center\"><a href=\"http:\/\/3.bp.blogspot.com\/-gsctzTXqb_I\/UXGCfXb76ZI\/AAAAAAAAuDs\/17JHDJ1LO48\/s1600\/Tertulia+en+Santiago+(1840).jpg\" style=\"margin-left: 1em;margin-right: 1em\"><img loading=\"lazy\" decoding=\"async\" border=\"0\" src=\"http:\/\/3.bp.blogspot.com\/-gsctzTXqb_I\/UXGCfXb76ZI\/AAAAAAAAuDs\/17JHDJ1LO48\/s1600\/Tertulia+en+Santiago+(1840).jpg\" height=\"268\" width=\"400\" \/><\/a><\/div>\n<p>.<\/p>\n","protected":false},"excerpt":{"rendered":"<p>Os convocamos al caf\u00e9 tertulia que tendr\u00e1 lugar en los&nbsp;locales de la asociaci\u00f3n&nbsp;el martes 3 de noviembre a las 19:00.Si hay alg\u00fan tema que sea de vuestro inter\u00e9s, nos gustar\u00eda que nos lo&nbsp;hicierais saber&nbsp;e intentaremos darle cabida ese martes.Os esperamos. .<\/p>\n","protected":false},"author":6,"featured_media":0,"comment_status":"open","ping_status":"open","sticky":false,"template":"","format":"standard","meta":{"_acf_changed":false,"footnotes":""},"categories":[1],"tags":[],"class_list":["post-215","post","type-post","status-publish","format-standard","hentry","category-sin-categorizar"],"acf":[],"_links":{"self":[{"href":"https:\/\/www.umealaia.org\/araba\/wp-json\/wp\/v2\/posts\/215","targetHints":{"allow":["GET"]}}],"collection":[{"href":"https:\/\/www.umealaia.org\/araba\/wp-json\/wp\/v2\/posts"}],"about":[{"href":"https:\/\/www.umealaia.org\/araba\/wp-json\/wp\/v2\/types\/post"}],"author":[{"embeddable":true,"href":"https:\/\/www.umealaia.org\/araba\/wp-json\/wp\/v2\/users\/6"}],"replies":[{"embeddable":true,"href":"https:\/\/www.umealaia.org\/araba\/wp-json\/wp\/v2\/comments?post=215"}],"version-history":[{"count":0,"href":"https:\/\/www.umealaia.org\/araba\/wp-json\/wp\/v2\/posts\/215\/revisions"}],"wp:attachment":[{"href":"https:\/\/www.umealaia.org\/araba\/wp-json\/wp\/v2\/media?parent=215"}],"wp:term":[{"taxonomy":"category","embeddable":true,"href":"https:\/\/www.umealaia.org\/araba\/wp-json\/wp\/v2\/categories?post=215"},{"taxonomy":"post_tag","embeddable":true,"href":"https:\/\/www.umealaia.org\/araba\/wp-json\/wp\/v2\/tags?post=215"}],"curies":[{"name":"wp","href":"https:\/\/api.w.org\/{rel}","templated":true}]}}