{"id":214,"date":"2015-11-15T22:20:00","date_gmt":"2015-11-15T21:20:00","guid":{"rendered":"https:\/\/www.umealaia.org\/araba\/2015\/11\/15\/taller-sobre-sexualidad-y-adopcion\/"},"modified":"2015-11-15T22:20:00","modified_gmt":"2015-11-15T21:20:00","slug":"taller-sobre-sexualidad-y-adopcion","status":"publish","type":"post","link":"https:\/\/www.umealaia.org\/araba\/2015\/11\/15\/taller-sobre-sexualidad-y-adopcion\/","title":{"rendered":"Taller sobre sexualidad y adopci\u00f3n"},"content":{"rendered":"<p>Os invitamos a participar en el taller \u00ab<b>Atendiendo la sexualidad de nuestras hijas e hijos adolescentes. Aprendiendo juntos.<\/b>\u00bb impartido por&nbsp;Ana Ram\u00edrez de Oc\u00e1riz,&nbsp;sex\u00f3loga del <a href=\"http:\/\/emaize.com\/\" target=\"_blank\">centro sexol\u00f3gico Emaize<\/a>.<\/p>\n<p>La adolescencia es una etapa de grandes cambios y muchas inseguridades, que pueden ser mayores en chicas y chicos adoptados, y que les puede llevar a situaciones conflictivas con respecto a la sexualidad y la er\u00f3tica. Tambi\u00e9n la familia puede sentirse emocionalmente insegura en esta etapa.<\/p>\n<p>En este taller pondremos en com\u00fan esos temores y reflexionaremos sobre c\u00f3mo atender mejor la sexualidad de nuestras hijas e hijos. Queremos enfocarlo no como \u00abun problema\u00bb, sino como nuevos retos que pueden contribuir a nuestro crecimiento personal como padres\/madres.<\/p>\n<p><span style=\"font-size: large\">Contenidos<\/span><br \/>La biograf\u00eda sexual. C\u00f3mo entendemos la sexualidad y sus caracter\u00edsticas evolutivas:<\/p>\n<ul>\n<li>Posibles singularidades en la sexualidad adolescente de chicas y chicos adoptados.<\/li>\n<li>El papel de la familia para un desarrollo sexual y er\u00f3tico.<\/li>\n<li>Objetivos de la atenci\u00f3n a la sexualidad en la familia.<\/li>\n<li>Reflexi\u00f3n grupal sobre posibles claves para una atenci\u00f3n a la sexualidad de calidad.<\/li>\n<\/ul>\n<p><b>Fecha y hora:&nbsp;<\/b>s\u00e1bado 28 de noviembre de 10:00 a 13:00h.<br \/><b><br \/><\/b><b>Lugar<\/b>: Sal\u00f3n de actos del&nbsp;<a href=\"https:\/\/www.google.es\/maps\/place\/Colegio+San+Prudencio+Ikastetxea\/@42.860079,-2.690875,17z\/data=!3m1!4b1!4m2!3m1!1s0xd4fc2250a45bab9:0xbf3edb53dc8acac7?hl=es\" target=\"_blank\">Colegio San Prudencio, C\/ Duque de Wellington, 4; 01010 Vitoria-Gasteiz&nbsp;<\/a><\/p>\n<p>Habr\u00e1 servicio de guarder\u00eda durante todo el taller.<\/p>\n<ul>\n<li><a href=\"http:\/\/goo.gl\/forms\/Feix86bF98\" target=\"_blank\">Formulario de inscripci\u00f3n<\/a><\/li>\n<\/ul>\n<p><\/p>\n","protected":false},"excerpt":{"rendered":"<p>Os invitamos a participar en el taller \u00abAtendiendo la sexualidad de nuestras hijas e hijos adolescentes. Aprendiendo juntos.\u00bb impartido por&nbsp;Ana Ram\u00edrez de Oc\u00e1riz,&nbsp;sex\u00f3loga del centro sexol\u00f3gico Emaize. La adolescencia es una etapa de grandes cambios y muchas inseguridades, que pueden ser mayores en chicas y chicos adoptados, y que les puede llevar a situaciones conflictivas [&hellip;]<\/p>\n","protected":false},"author":6,"featured_media":0,"comment_status":"open","ping_status":"open","sticky":false,"template":"","format":"standard","meta":{"_acf_changed":false,"footnotes":""},"categories":[1],"tags":[],"class_list":["post-214","post","type-post","status-publish","format-standard","hentry","category-sin-categorizar"],"acf":[],"_links":{"self":[{"href":"https:\/\/www.umealaia.org\/araba\/wp-json\/wp\/v2\/posts\/214","targetHints":{"allow":["GET"]}}],"collection":[{"href":"https:\/\/www.umealaia.org\/araba\/wp-json\/wp\/v2\/posts"}],"about":[{"href":"https:\/\/www.umealaia.org\/araba\/wp-json\/wp\/v2\/types\/post"}],"author":[{"embeddable":true,"href":"https:\/\/www.umealaia.org\/araba\/wp-json\/wp\/v2\/users\/6"}],"replies":[{"embeddable":true,"href":"https:\/\/www.umealaia.org\/araba\/wp-json\/wp\/v2\/comments?post=214"}],"version-history":[{"count":0,"href":"https:\/\/www.umealaia.org\/araba\/wp-json\/wp\/v2\/posts\/214\/revisions"}],"wp:attachment":[{"href":"https:\/\/www.umealaia.org\/araba\/wp-json\/wp\/v2\/media?parent=214"}],"wp:term":[{"taxonomy":"category","embeddable":true,"href":"https:\/\/www.umealaia.org\/araba\/wp-json\/wp\/v2\/categories?post=214"},{"taxonomy":"post_tag","embeddable":true,"href":"https:\/\/www.umealaia.org\/araba\/wp-json\/wp\/v2\/tags?post=214"}],"curies":[{"name":"wp","href":"https:\/\/api.w.org\/{rel}","templated":true}]}}