{"id":213,"date":"2015-12-16T23:00:00","date_gmt":"2015-12-16T22:00:00","guid":{"rendered":"https:\/\/www.umealaia.org\/araba\/2015\/12\/16\/un-ano-mas-2\/"},"modified":"2015-12-16T23:00:00","modified_gmt":"2015-12-16T22:00:00","slug":"un-ano-mas-2","status":"publish","type":"post","link":"https:\/\/www.umealaia.org\/araba\/2015\/12\/16\/un-ano-mas-2\/","title":{"rendered":"Un a\u00f1o m\u00e1s&#8230;"},"content":{"rendered":"<p>&#8230; nos juntamos por Navidad.<\/p>\n<p>Vamos a convertir en tradici\u00f3n el encuentro que realizamos por estas fechas. <\/p>\n<p>En esta ocasi\u00f3n, nos toca el s\u00e1bado d\u00eda 26 de diciembre. Reci\u00e9n que hemos hecho la digesti\u00f3n&#8230;<\/p>\n<p>Os invitamos a participar ese d\u00eda en alguna de las actividades que hemos organizado para todas y todos:<\/p>\n<ul>\n<li><b>Talleres ecol\u00f3gicos <\/b>para ni\u00f1os de entre 3 y 12 a\u00f1os.  (11:30 h  &#8211; 13:30 h).&nbsp;Lugar:&nbsp;<a href=\"https:\/\/www.google.es\/maps?f=q&amp;source=embed&amp;hl=es&amp;geocode&amp;q=Calle+del+Cubo,+26,+Vitoria-Gasteiz&amp;aq=0&amp;oq=cubo&amp;sll=42.854037,-2.677158&amp;sspn=0.076638,0.169086&amp;t=h&amp;ie=UTF8&amp;hq&amp;hnear=Cubo+Kalea,+26,+01001+Vitoria-Gasteiz,+Araba&amp;z=14&amp;ll=42.852635,-2.672576\">Asociaci\u00f3n Cultural Gastron\u00f3mica Kikilisalda<\/a>,  calle Cubo 26.&nbsp;<\/li>\n<li><b>Taller de Hip Hop.<\/b> A partir de 6 a\u00f1os. ( 12:30 h  &#8211; 13:30 h).&nbsp;Lugar: gimnasio del <a href=\"https:\/\/www.google.es\/maps\/place\/Aldabe\/@42.8526953,-2.672576,4667m\/data=!3m1!1e3!4m5!1m2!2m1!1scentro+civico+aldabe,+Vitoria-Gasteiz!3m1!1s0xd4fc26a009ed3c9:0xfb8678e5b5eda575!6m1!1e1?hl=es\">Centro C\u00edvico Aldabe<\/a>.&nbsp;<\/li>\n<li><b>Taller de Graffiti.<\/b>   De  12 a\u00f1os en adelante. ( 11:30 h  &#8211; 13:30 h) A modo de continuaci\u00f3n del pasado taller, se pintar\u00e1 un mural con spray. Lugar: taller de cer\u00e1mica del <a href=\"https:\/\/www.google.es\/maps\/place\/Aldabe\/@42.8526953,-2.672576,4667m\/data=!3m1!1e3!4m5!1m2!2m1!1scentro+civico+aldabe,+Vitoria-Gasteiz!3m1!1s0xd4fc26a009ed3c9:0xfb8678e5b5eda575!6m1!1e1?hl=es\">Centro C\u00edvico Aldabe<\/a>.&nbsp;<\/li>\n<li><b>Comida popular: <\/b>10 euros por persona. Lugar: <a href=\"https:\/\/www.google.es\/maps?f=q&amp;source=embed&amp;hl=es&amp;geocode&amp;q=Calle+del+Cubo,+26,+Vitoria-Gasteiz&amp;aq=0&amp;oq=cubo&amp;sll=42.854037,-2.677158&amp;sspn=0.076638,0.169086&amp;t=h&amp;ie=UTF8&amp;hq&amp;hnear=Cubo+Kalea,+26,+01001+Vitoria-Gasteiz,+Araba&amp;z=14&amp;ll=42.852635,-2.672576\">Asociaci\u00f3n Cultural Gastron\u00f3mica Kikilisalda<\/a>. A partir de las 14:00 h.&nbsp;<\/li>\n<\/ul>\n<p><a href=\"https:\/\/goo.gl\/Dhmy27\" target=\"_blank\"><br \/><\/a><a href=\"https:\/\/goo.gl\/J2ZqGB\" target=\"_blank\">Formulario para apuntarse<\/a> a la comida o a las actividades. Ya sab\u00e9is que pod\u00e9is traer a quien quer\u00e1is, sean o no personas asociadas.<\/p>\n<p><span><\/span><\/p>\n","protected":false},"excerpt":{"rendered":"<p>&#8230; nos juntamos por Navidad. Vamos a convertir en tradici\u00f3n el encuentro que realizamos por estas fechas. En esta ocasi\u00f3n, nos toca el s\u00e1bado d\u00eda 26 de diciembre. Reci\u00e9n que hemos hecho la digesti\u00f3n&#8230; Os invitamos a participar ese d\u00eda en alguna de las actividades que hemos organizado para todas y todos: Talleres ecol\u00f3gicos para [&hellip;]<\/p>\n","protected":false},"author":6,"featured_media":0,"comment_status":"open","ping_status":"open","sticky":false,"template":"","format":"standard","meta":{"_acf_changed":false,"footnotes":""},"categories":[1],"tags":[],"class_list":["post-213","post","type-post","status-publish","format-standard","hentry","category-sin-categorizar"],"acf":[],"_links":{"self":[{"href":"https:\/\/www.umealaia.org\/araba\/wp-json\/wp\/v2\/posts\/213","targetHints":{"allow":["GET"]}}],"collection":[{"href":"https:\/\/www.umealaia.org\/araba\/wp-json\/wp\/v2\/posts"}],"about":[{"href":"https:\/\/www.umealaia.org\/araba\/wp-json\/wp\/v2\/types\/post"}],"author":[{"embeddable":true,"href":"https:\/\/www.umealaia.org\/araba\/wp-json\/wp\/v2\/users\/6"}],"replies":[{"embeddable":true,"href":"https:\/\/www.umealaia.org\/araba\/wp-json\/wp\/v2\/comments?post=213"}],"version-history":[{"count":0,"href":"https:\/\/www.umealaia.org\/araba\/wp-json\/wp\/v2\/posts\/213\/revisions"}],"wp:attachment":[{"href":"https:\/\/www.umealaia.org\/araba\/wp-json\/wp\/v2\/media?parent=213"}],"wp:term":[{"taxonomy":"category","embeddable":true,"href":"https:\/\/www.umealaia.org\/araba\/wp-json\/wp\/v2\/categories?post=213"},{"taxonomy":"post_tag","embeddable":true,"href":"https:\/\/www.umealaia.org\/araba\/wp-json\/wp\/v2\/tags?post=213"}],"curies":[{"name":"wp","href":"https:\/\/api.w.org\/{rel}","templated":true}]}}