{"id":212,"date":"2016-01-15T23:29:00","date_gmt":"2016-01-15T22:29:00","guid":{"rendered":"https:\/\/www.umealaia.org\/araba\/2016\/01\/15\/taller-trabajando-las-funciones-ejecutivas-con-nuestros-hijosas\/"},"modified":"2016-01-15T23:29:00","modified_gmt":"2016-01-15T22:29:00","slug":"taller-trabajando-las-funciones-ejecutivas-con-nuestros-hijosas","status":"publish","type":"post","link":"https:\/\/www.umealaia.org\/araba\/2016\/01\/15\/taller-trabajando-las-funciones-ejecutivas-con-nuestros-hijosas\/","title":{"rendered":"Taller: Trabajando las funciones ejecutivas con nuestros hijos\/as"},"content":{"rendered":"<p>El 13 de febrero de 10,00 a 14,00 h. y de 16:00 a 18:00 h. en el <a href=\"https:\/\/www.google.es\/maps?ion=1&amp;espv=2&amp;q=colegio+san+prudencio&amp;bav=on.2,or.r_cp.&amp;biw=1366&amp;bih=628&amp;dpr=1&amp;um=1&amp;ie=UTF-8&amp;sa=X&amp;ved=0ahUKEwi3-pCY76zKAhXCuhQKHUoXBikQ_AUIBygC\" target=\"_blank\">colegio San Prudencio<\/a> hemos organizado de nuevo un taller con&nbsp;<a href=\"http:\/\/www.joseluisgonzalo.com\/\" target=\"_blank\">Jos\u00e9 Luis Gonzalo Marrod\u00e1n<\/a>.<\/p>\n<div><\/div>\n<div>La actividad en esta ocasi\u00f3n versar\u00e1 sobre los trastornos de la funci\u00f3n ejecutiva, consecuencias relevantes que presentan los ni\u00f1os y ni\u00f1as que han vivido experiencias traum\u00e1ticas, complejas y acumulativas. Estas experiencias, consecuencia de abandono afectivo, negligencia, agresiones f\u00edsicas y\/o psicol\u00f3gicas, ambientes de violencia, son de mayor gravedad cuando son   traumas tempranos (los que ocurren durante la gestaci\u00f3n y\/o entre los 0 y los 3 a\u00f1os). Para estos ni\u00f1os y ni\u00f1as  es un gran desaf\u00edo poder hacer frente a las exigencias escolares y familiares, en relaci\u00f3n a realizar determinadas <b>tareas y responsabilidades<\/b>; por ejemplo, organizarse para  hacer  los deberes,   mantener la agenda escolar cuidar y mantener ordenado el material escolar, realizar una tarea dom\u00e9stica, etc. Todo esto es la mayor\u00eda de las veces, indicador de una alteraci\u00f3n de lo que se conoce como las funciones ejecutivas (FE).  Estas funciones son las que permiten a los ni\u00f1os y ni\u00f1as, tambi\u00e9n a los adultos \u201chacer lo que deben hacer\u201d o \u201cejecutar un plan o simplemente una tarea\u201d. Como todas las funciones mentales, estas tareas requieren mecanismos mentales de alta complejidad y su dificultad en realizarlas no se puede reducir solamente a una falla en la capacidad de organizarse.<\/p>\n<div>En este sentido, el ni\u00f1o y la ni\u00f1a afectados por estas alteraciones deben ser comprendidos y no evaluar sus dificultades como actitudes negativas.&nbsp;Adem\u00e1s, para poder estimular las funciones ejecutivas en el ni\u00f1o o ni\u00f1a, necesitamos que exista un <b>v\u00ednculo positivo entre el\/la menor y su familia<\/b> y que se ponga en posici\u00f3n de ayuda, apoyo, colaboraci\u00f3n y motivaci\u00f3n para el cambio. S\u00f3lo desde este marco se puede empezar a hacer un trabajo de esta naturaleza con los chicos y las chicas.<\/div>\n<p><a href=\"https:\/\/docs.google.com\/forms\/d\/1TawaCKH0WbqUcPVitFEHaSW43z6Kl3WwEWrcJjcg3KM\/viewform?c=0&amp;w=1\" target=\"_blank\">Inscribirse al taller<\/a><\/p>\n<div>\n<div style=\"background-color: white;color: #222222;font-family: arial, sans-serif;font-size: 12.8px;line-height: 14.72px;margin-bottom: 6pt;text-align: justify\"><\/div>\n<div>\n<h4>Observaciones<\/h4>\n<ul>\n<li>Los participantes deben de llevar papel y bol\u00edgrafo.<\/li>\n<li>Taller gratuito para las familias asociadas.<\/li>\n<li>Para las familias no socias: 10 euros por familia, a ingresar en la cuenta: La Caixa ES14 2100 4994 1121 0025 7635. Poniendo en el concepto el nombre de las personas participantes.<\/li>\n<\/ul>\n<div style=\"background-color: white;color: #222222;font-family: arial, sans-serif;font-size: 12.8px;margin-bottom: 6pt\"><\/div>\n<div style=\"background-color: white;color: #222222;font-family: arial, sans-serif;font-size: 12.8px;line-height: 14.72px;margin-bottom: 6pt;text-align: justify\"><\/div>\n<\/div>\n<\/div>\n<\/div>\n","protected":false},"excerpt":{"rendered":"<p>El 13 de febrero de 10,00 a 14,00 h. y de 16:00 a 18:00 h. en el colegio San Prudencio hemos organizado de nuevo un taller con&nbsp;Jos\u00e9 Luis Gonzalo Marrod\u00e1n. La actividad en esta ocasi\u00f3n versar\u00e1 sobre los trastornos de la funci\u00f3n ejecutiva, consecuencias relevantes que presentan los ni\u00f1os y ni\u00f1as que han vivido experiencias [&hellip;]<\/p>\n","protected":false},"author":6,"featured_media":0,"comment_status":"open","ping_status":"open","sticky":false,"template":"","format":"standard","meta":{"_acf_changed":false,"footnotes":""},"categories":[1],"tags":[],"class_list":["post-212","post","type-post","status-publish","format-standard","hentry","category-sin-categorizar"],"acf":[],"_links":{"self":[{"href":"https:\/\/www.umealaia.org\/araba\/wp-json\/wp\/v2\/posts\/212","targetHints":{"allow":["GET"]}}],"collection":[{"href":"https:\/\/www.umealaia.org\/araba\/wp-json\/wp\/v2\/posts"}],"about":[{"href":"https:\/\/www.umealaia.org\/araba\/wp-json\/wp\/v2\/types\/post"}],"author":[{"embeddable":true,"href":"https:\/\/www.umealaia.org\/araba\/wp-json\/wp\/v2\/users\/6"}],"replies":[{"embeddable":true,"href":"https:\/\/www.umealaia.org\/araba\/wp-json\/wp\/v2\/comments?post=212"}],"version-history":[{"count":0,"href":"https:\/\/www.umealaia.org\/araba\/wp-json\/wp\/v2\/posts\/212\/revisions"}],"wp:attachment":[{"href":"https:\/\/www.umealaia.org\/araba\/wp-json\/wp\/v2\/media?parent=212"}],"wp:term":[{"taxonomy":"category","embeddable":true,"href":"https:\/\/www.umealaia.org\/araba\/wp-json\/wp\/v2\/categories?post=212"},{"taxonomy":"post_tag","embeddable":true,"href":"https:\/\/www.umealaia.org\/araba\/wp-json\/wp\/v2\/tags?post=212"}],"curies":[{"name":"wp","href":"https:\/\/api.w.org\/{rel}","templated":true}]}}