{"id":210,"date":"2016-02-29T22:30:00","date_gmt":"2016-02-29T21:30:00","guid":{"rendered":"https:\/\/www.umealaia.org\/araba\/2016\/02\/29\/asamblea-general-ordinaria-13-de-marzo\/"},"modified":"2017-11-29T18:28:01","modified_gmt":"2017-11-29T17:28:01","slug":"asamblea-general-ordinaria-13-de-marzo","status":"publish","type":"post","link":"https:\/\/www.umealaia.org\/araba\/2016\/02\/29\/asamblea-general-ordinaria-13-de-marzo\/","title":{"rendered":"Asamblea General Ordinaria 13 de marzo"},"content":{"rendered":"<p>Os convocamos a todas las familias socias a la Asamblea General de la &nbsp;Asociaci\u00f3n de Familias Adoptivas UME ALAIA ARABA, que se celebrar\u00e1 el &nbsp;pr\u00f3ximo d\u00eda 13 de marzo, domingo, en los <a href=\"https:\/\/www.google.es\/maps?q=Estrasburgo+Ibilbidea,+17,+Vitoria&amp;hl=es&amp;ll=42.854024,-2.650645&amp;spn=0.00306,0.004823&amp;sll=42.852679,-2.650339&amp;sspn=0.00306,0.004823&amp;oq=Estrasburgo++17+vitoria&amp;hnear=Estrasburgo+Ibilbidea,+17,+01002+Vitoria-Gasteiz,+Araba&amp;t=m&amp;z=18\">locales de asociaciones de Salburua<\/a> en Vitoria-Gasteiz.<\/p>\n<p>10:30 h. Primera convocatoria.<br \/>11:00 h. Segunda convocatoria<\/p>\n<p><span style=\"font-size: large\">Orden del d\u00eda&nbsp;<\/span><\/p>\n<ol>\n<li>Aprobaci\u00f3n del acta de la asamblea anterior<\/li>\n<li>Aprobaci\u00f3n del cambio de estatutos<\/li>\n<li>Cuenta de resultados 2015<\/li>\n<li>Memoria actividades 2015<\/li>\n<li>Calendario de actividades 2016<\/li>\n<li>Votaciones candidatura de nueva tesorera y vocales<\/li>\n<li>Ruegos y preguntas<\/li>\n<\/ol>\n<p>*** No habr\u00e1 servicio de guarder\u00eda.<\/p>\n","protected":false},"excerpt":{"rendered":"<p>Os convocamos a todas las familias socias a la Asamblea General de la &nbsp;Asociaci\u00f3n de Familias Adoptivas UME ALAIA ARABA, que se celebrar\u00e1 el &nbsp;pr\u00f3ximo d\u00eda 13 de marzo, domingo, en los locales de asociaciones de Salburua en Vitoria-Gasteiz. 10:30 h. Primera convocatoria.11:00 h. Segunda convocatoria Orden del d\u00eda&nbsp; Aprobaci\u00f3n del acta de la asamblea [&hellip;]<\/p>\n","protected":false},"author":6,"featured_media":0,"comment_status":"open","ping_status":"open","sticky":false,"template":"","format":"standard","meta":{"_acf_changed":false,"footnotes":""},"categories":[1],"tags":[],"class_list":["post-210","post","type-post","status-publish","format-standard","hentry","category-sin-categorizar"],"acf":[],"_links":{"self":[{"href":"https:\/\/www.umealaia.org\/araba\/wp-json\/wp\/v2\/posts\/210","targetHints":{"allow":["GET"]}}],"collection":[{"href":"https:\/\/www.umealaia.org\/araba\/wp-json\/wp\/v2\/posts"}],"about":[{"href":"https:\/\/www.umealaia.org\/araba\/wp-json\/wp\/v2\/types\/post"}],"author":[{"embeddable":true,"href":"https:\/\/www.umealaia.org\/araba\/wp-json\/wp\/v2\/users\/6"}],"replies":[{"embeddable":true,"href":"https:\/\/www.umealaia.org\/araba\/wp-json\/wp\/v2\/comments?post=210"}],"version-history":[{"count":1,"href":"https:\/\/www.umealaia.org\/araba\/wp-json\/wp\/v2\/posts\/210\/revisions"}],"predecessor-version":[{"id":312,"href":"https:\/\/www.umealaia.org\/araba\/wp-json\/wp\/v2\/posts\/210\/revisions\/312"}],"wp:attachment":[{"href":"https:\/\/www.umealaia.org\/araba\/wp-json\/wp\/v2\/media?parent=210"}],"wp:term":[{"taxonomy":"category","embeddable":true,"href":"https:\/\/www.umealaia.org\/araba\/wp-json\/wp\/v2\/categories?post=210"},{"taxonomy":"post_tag","embeddable":true,"href":"https:\/\/www.umealaia.org\/araba\/wp-json\/wp\/v2\/tags?post=210"}],"curies":[{"name":"wp","href":"https:\/\/api.w.org\/{rel}","templated":true}]}}