{"id":208,"date":"2016-05-01T21:39:00","date_gmt":"2016-05-01T20:39:00","guid":{"rendered":""},"modified":"2021-10-25T10:40:10","modified_gmt":"2021-10-25T09:40:10","slug":"jornada-formativa-familias-terapeuticas-donostia-14-de-mayo","status":"publish","type":"post","link":"https:\/\/www.umealaia.org\/araba\/2016\/05\/01\/jornada-formativa-familias-terapeuticas-donostia-14-de-mayo\/","title":{"rendered":"Jornada formativa \u00abFamilias terap\u00e9uticas\u00bb. Donostia 14 de mayo"},"content":{"rendered":"<div style=\"clear: both;text-align: center\"><\/div>\n<div style=\"clear: both;text-align: center\"><a href=\"https:\/\/www.umealaia.org\/araba\/wp-content\/uploads\/sites\/3\/2016\/05\/FlyerA-1.jpg\" style=\"clear: right;float: right;margin-bottom: 1em;margin-left: 1em\"><img loading=\"lazy\" decoding=\"async\" border=\"0\" height=\"320\" src=\"https:\/\/www.umealaia.org\/araba\/wp-content\/uploads\/sites\/3\/2016\/05\/FlyerA-1-146x300.jpg\" width=\"155\" \/><\/a><\/div>\n<p><\/p>\n<div>Como todos los a\u00f1os, las tres asociaciones vascas Ume Alaia organizan conjuntamente un evento anual para las familias adoptivas. En esta ocasi\u00f3n, aprovechando la capitalidad europea de Donostia 2016, el s\u00e1bado 14 de mayo de 10 a 14 horas, se celebrar\u00e1 la jornada formativa \u00abFamilias terap\u00e9uticas\u00bb en el <a href=\"http:\/\/www.eurekamuseoa.es\/\" target=\"_blank\">Museo de Ciencias Eureka!<\/a> de&nbsp;Donostia (<a href=\"https:\/\/www.google.com\/maps\/dir\/\/Eureka!+Zientzia+Museoa,+Mikeletegi+Pasealekua,+43,+20009+Donostia,+Gipuzkoa,+Espa%C3%B1a\/@43.2905145,-1.9843256,15z\/data=!4m12!1m3!3m2!1s0x0:0xabc41058645f3df4!2sEureka*21+Zientzia+Museoa!4m7!1m0!1m5!1m1!1s0xd51afde87f3a35b:0xabc41058645f3df4!2m2!1d-1.9843256!2d43.2905145\" target=\"_blank\">mapa<\/a>).&nbsp;<\/div>\n<div><\/div>\n<p>La actividad formativa tiene como misi\u00f3n saber c\u00f3mo establecer una relaci\u00f3n educativo-terap\u00e9utica con ni\u00f1os y ni\u00f1as que han sufrido experiencias de abandono, negligencia y malos tratos. La acci\u00f3n ser\u00e1 dirigida por las psic\u00f3logas infantiles <b>Maria Elena Rodr\u00edguez Borrajo<\/b>&nbsp;(<a href=\"http:\/\/www.centroalen.org\/\" target=\"_blank\">Centro Al\u00e9n<\/a>&nbsp;de A Coru\u00f1a) y <b>Maria Vergara Campos (<\/b><a href=\"http:\/\/www.centroexil.org\/\" target=\"_blank\">Centro Exil<\/a>&nbsp;de Barcelona<b>)<\/b>.<\/p>\n<div>\n<div><\/div>\n<div><a href=\"https:\/\/www.umealaia.org\/araba\/wp-content\/uploads\/sites\/3\/2016\/05\/FlyerB-1.jpg\" style=\"clear: right;float: right;margin-bottom: 1em;margin-left: 1em\"><img loading=\"lazy\" decoding=\"async\" border=\"0\" height=\"320\" src=\"https:\/\/www.umealaia.org\/araba\/wp-content\/uploads\/sites\/3\/2016\/05\/FlyerB-1-145x300.jpg\" width=\"154\" \/><\/a>La crianza terap\u00e9utica tiene el objetivo de dotar a los cuidadores principales de herramientas que les permitan hacer frente a los retos espec\u00edficos que implican la crianza de ni\u00f1os\/as y adolescentes con vivencias de estr\u00e9s traum\u00e1tico. \u00bfC\u00f3mo detectar las necesidades de los ni\u00f1os\/as? \u00bfQu\u00e9 aspectos priorizar? \u00bfC\u00f3mo construir y mantener! un contexto educativo-terap\u00e9utico durante la crianza? \u00bfQu\u00e9 intervenciones resultan m\u00e1s eficaces y por qu\u00e9?!\u00bfC\u00f3mo desarrollar  intervenciones focalizadas en el apego? \u00bfC\u00f3mo ayudar a estos ni\u00f1os y ni\u00f1as a descubrirse m\u00e1s all\u00e1 de lo que han sufrido? \u00bfC\u00f3mo hacerles ver lo bueno que hay en ellos?&nbsp;<\/div>\n<div>Paralelamente a la formaci\u00f3n, habr\u00e1 <b>actividades para menores<\/b> entre 3 y 18 a\u00f1os con el fin de que padres y madres puedan aprovechar plenamente la jornada.<\/p>\n<ul>\n<li><a href=\"https:\/\/docs.google.com\/forms\/d\/1b5XPBeRdjID5L0_afwDGcQapEzQyF1TIV31KPTYcrG4\/viewform?ts=570c1560&amp;edit_requested=true#\" target=\"_blank\">Inscripci\u00f3n (aforo limitado)&nbsp;<\/a><\/li>\n<\/ul>\n<p>La asociaci\u00f3n pone a vuestra disposici\u00f3n un autob\u00fas para el desplazamiento de las familias desde Vitoria-Gasteiz, pero para ello es necesario saber, qui\u00e9nes est\u00e1n interesados en acudir y qu\u00e9 medio de transporte usar\u00e1n, antes del d\u00eda 9 de mayo.<\/p>\n<div><\/div>\n<div><\/div>\n<\/div>\n<\/div>\n","protected":false},"excerpt":{"rendered":"<p>Como todos los a\u00f1os, las tres asociaciones vascas Ume Alaia organizan conjuntamente un evento anual para las familias adoptivas. En esta ocasi\u00f3n, aprovechando la capitalidad europea de Donostia 2016, el s\u00e1bado 14 de mayo de 10 a 14 horas, se celebrar\u00e1 la jornada formativa \u00abFamilias terap\u00e9uticas\u00bb en el Museo de Ciencias Eureka! de&nbsp;Donostia (mapa).&nbsp; La [&hellip;]<\/p>\n","protected":false},"author":6,"featured_media":305,"comment_status":"open","ping_status":"open","sticky":false,"template":"","format":"standard","meta":{"_acf_changed":false,"footnotes":""},"categories":[9,1],"tags":[],"class_list":["post-208","post","type-post","status-publish","format-standard","has-post-thumbnail","hentry","category-noticias","category-sin-categorizar"],"acf":[],"_links":{"self":[{"href":"https:\/\/www.umealaia.org\/araba\/wp-json\/wp\/v2\/posts\/208","targetHints":{"allow":["GET"]}}],"collection":[{"href":"https:\/\/www.umealaia.org\/araba\/wp-json\/wp\/v2\/posts"}],"about":[{"href":"https:\/\/www.umealaia.org\/araba\/wp-json\/wp\/v2\/types\/post"}],"author":[{"embeddable":true,"href":"https:\/\/www.umealaia.org\/araba\/wp-json\/wp\/v2\/users\/6"}],"replies":[{"embeddable":true,"href":"https:\/\/www.umealaia.org\/araba\/wp-json\/wp\/v2\/comments?post=208"}],"version-history":[{"count":2,"href":"https:\/\/www.umealaia.org\/araba\/wp-json\/wp\/v2\/posts\/208\/revisions"}],"predecessor-version":[{"id":334,"href":"https:\/\/www.umealaia.org\/araba\/wp-json\/wp\/v2\/posts\/208\/revisions\/334"}],"wp:featuredmedia":[{"embeddable":true,"href":"https:\/\/www.umealaia.org\/araba\/wp-json\/wp\/v2\/media\/305"}],"wp:attachment":[{"href":"https:\/\/www.umealaia.org\/araba\/wp-json\/wp\/v2\/media?parent=208"}],"wp:term":[{"taxonomy":"category","embeddable":true,"href":"https:\/\/www.umealaia.org\/araba\/wp-json\/wp\/v2\/categories?post=208"},{"taxonomy":"post_tag","embeddable":true,"href":"https:\/\/www.umealaia.org\/araba\/wp-json\/wp\/v2\/tags?post=208"}],"curies":[{"name":"wp","href":"https:\/\/api.w.org\/{rel}","templated":true}]}}