{"id":207,"date":"2016-05-19T19:40:00","date_gmt":"2016-05-19T18:40:00","guid":{"rendered":"https:\/\/www.umealaia.org\/araba\/2016\/05\/19\/de-que-nos-hablan-las-conductas-de-riesgo-de-los-y-las-adolescentes-adoptados-charla-en-la-florida-el-28-de-mayo\/"},"modified":"2021-10-25T10:40:10","modified_gmt":"2021-10-25T09:40:10","slug":"de-que-nos-hablan-las-conductas-de-riesgo-de-los-y-las-adolescentes-adoptados-charla-en-la-florida-el-28-de-mayo","status":"publish","type":"post","link":"https:\/\/www.umealaia.org\/araba\/2016\/05\/19\/de-que-nos-hablan-las-conductas-de-riesgo-de-los-y-las-adolescentes-adoptados-charla-en-la-florida-el-28-de-mayo\/","title":{"rendered":"De qu\u00e9 nos hablan las conductas de riesgo de los y las adolescentes adoptados. Charla en la Florida el 28 de mayo"},"content":{"rendered":"<p>El  pr\u00f3ximo s\u00e1bado 28 de mayo de 11 de la ma\u00f1ana a 1 del mediod\u00eda en la <a href=\"https:\/\/www.google.com\/maps\/dir\/\/Casa+de+Cultura+Ignacio+Aldecoa+Biblioteca+P%C3%BAblica,+Paseo+de+la+Florida,+9,+01005+Vitoria-Gasteiz,+Araba,+Espa%C3%B1a\/@42.8440879,-2.6754384,15z\/data=!4m15!1m6!3m5!1s0x0:0xb1419b9ec812eea1!2sCasa+de+Cultura+Ignacio+Aldecoa+Biblioteca+P%C3%BAblica!8m2!3d42.8440879!4d-2.6754384!4m7!1m0!1m5!1m1!1s0xd4fc26da4144ceb:0xb1419b9ec812eea1!2m2!1d-2.6754384!2d42.8440879\" target=\"_blank\">casa de la cultura de la Florida<\/a>,&nbsp;Vinyet Mirabent, coordinadora del equipo de Adopciones de la <a href=\"http:\/\/www.fvb.cat\/cas\/index_cas.htm\" target=\"_blank\">Fundaci\u00f3 Vidal i Barraquer<\/a> de Barcelona, ofrecer\u00e1 una charla organizada por la Unidad de Acogimiento Familiar y Adopciones de la Diputaci\u00f3n Foral de \u00c1lava.<\/p>\n<table align=\"center\" cellpadding=\"0\" cellspacing=\"0\" style=\"margin-left: auto;margin-right: auto;text-align: center\">\n<tbody>\n<tr>\n<td style=\"text-align: center\"><a href=\"https:\/\/www.umealaia.org\/araba\/wp-content\/uploads\/sites\/3\/2016\/05\/15588711_e396ff4f.jpg\" style=\"margin-left: auto;margin-right: auto\"><img loading=\"lazy\" decoding=\"async\" border=\"0\" src=\"https:\/\/www.umealaia.org\/araba\/wp-content\/uploads\/sites\/3\/2016\/05\/15588711_e396ff4f.jpg\" height=\"213\" width=\"320\" \/><\/a><\/td>\n<\/tr>\n<tr>\n<td style=\"text-align: center\">\n<div style=\"font-size: medium;text-align: start\"><span style=\"font-size: 12.8px;text-align: center\">Instant\u00e1nea tomada por Calleja para el&nbsp;<\/span><a href=\"https:\/\/www.diariodenavarra.es\/noticias\/navarra\/navarra\/2016\/04\/17\/el_adolescente_adoptado_miedo_abandono_reactiva_448630_2061.html\" style=\"font-size: 12.8px;text-align: center\">diariodenavarra.es<\/a><\/div>\n<\/td>\n<\/tr>\n<\/tbody>\n<\/table>\n<div><\/p>\n<div>La psic\u00f3loga cl\u00ednica y psicoterapeuta&nbsp;cuenta con una amplia experiencia en adolescencia y adopci\u00f3n. Entre sus diversas publicaciones&nbsp;en revistas profesionales, destaca el estudio de 2014 en&nbsp;<i>Temas de Psicoan\u00e1lisis<\/i> titulado \u00ab<a href=\"http:\/\/webcache.googleusercontent.com\/search?q=cache:SyUtFpC73m4J:www.temasdepsicoanalisis.org\/wp-content\/uploads\/2014\/07\/PLANTILLA-PDF-VINYET.pdf+&amp;cd=11&amp;hl=es&amp;ct=clnk&amp;gl=us\">El adolescente adoptado: dificultades a\u00f1adidas en el proceso de construcci\u00f3n de su identidad<\/a>\u00ab. Tambi\u00e9n hay que mencionar que en 2012 la ponente coordin\u00f3, junto con Elena Ricart, el libro \u00ab<a href=\"http:\/\/www.herdereditorial.com\/obras\/5274\/adopcion-y-vinculo-familiar\/\">Adopci\u00f3n y v\u00ednculo familiar.&nbsp;Crianza, escolaridad y adolescencia en la adopci\u00f3n internacional<\/a>\u00bb&nbsp;de la editorial <i>Herder<\/i>.<\/div>\n<\/div>\n<div><\/div>\n<div>Ya que el aforo es limitado, las personas que quieran acudir a la charla deber\u00e1n enviar un correo a <a href=\"mailto:ifbsinfancia@alava.net\">ifbsinfancia@alava.net<\/a> o llamar al tel\u00e9fono <a href=\"tel:94527%202096\">945 274 096<\/a>.<\/div>\n","protected":false},"excerpt":{"rendered":"<p>El pr\u00f3ximo s\u00e1bado 28 de mayo de 11 de la ma\u00f1ana a 1 del mediod\u00eda en la casa de la cultura de la Florida,&nbsp;Vinyet Mirabent, coordinadora del equipo de Adopciones de la Fundaci\u00f3 Vidal i Barraquer de Barcelona, ofrecer\u00e1 una charla organizada por la Unidad de Acogimiento Familiar y Adopciones de la Diputaci\u00f3n Foral de [&hellip;]<\/p>\n","protected":false},"author":6,"featured_media":301,"comment_status":"open","ping_status":"open","sticky":false,"template":"","format":"standard","meta":{"_acf_changed":false,"footnotes":""},"categories":[9,1],"tags":[],"class_list":["post-207","post","type-post","status-publish","format-standard","has-post-thumbnail","hentry","category-noticias","category-sin-categorizar"],"acf":[],"_links":{"self":[{"href":"https:\/\/www.umealaia.org\/araba\/wp-json\/wp\/v2\/posts\/207","targetHints":{"allow":["GET"]}}],"collection":[{"href":"https:\/\/www.umealaia.org\/araba\/wp-json\/wp\/v2\/posts"}],"about":[{"href":"https:\/\/www.umealaia.org\/araba\/wp-json\/wp\/v2\/types\/post"}],"author":[{"embeddable":true,"href":"https:\/\/www.umealaia.org\/araba\/wp-json\/wp\/v2\/users\/6"}],"replies":[{"embeddable":true,"href":"https:\/\/www.umealaia.org\/araba\/wp-json\/wp\/v2\/comments?post=207"}],"version-history":[{"count":2,"href":"https:\/\/www.umealaia.org\/araba\/wp-json\/wp\/v2\/posts\/207\/revisions"}],"predecessor-version":[{"id":333,"href":"https:\/\/www.umealaia.org\/araba\/wp-json\/wp\/v2\/posts\/207\/revisions\/333"}],"wp:featuredmedia":[{"embeddable":true,"href":"https:\/\/www.umealaia.org\/araba\/wp-json\/wp\/v2\/media\/301"}],"wp:attachment":[{"href":"https:\/\/www.umealaia.org\/araba\/wp-json\/wp\/v2\/media?parent=207"}],"wp:term":[{"taxonomy":"category","embeddable":true,"href":"https:\/\/www.umealaia.org\/araba\/wp-json\/wp\/v2\/categories?post=207"},{"taxonomy":"post_tag","embeddable":true,"href":"https:\/\/www.umealaia.org\/araba\/wp-json\/wp\/v2\/tags?post=207"}],"curies":[{"name":"wp","href":"https:\/\/api.w.org\/{rel}","templated":true}]}}