{"id":206,"date":"2016-06-05T08:29:00","date_gmt":"2016-06-05T07:29:00","guid":{"rendered":""},"modified":"2021-10-25T10:40:10","modified_gmt":"2021-10-25T09:40:10","slug":"jornada-como-fomentar-un-apego-ganado-a-la-seguridad-en-los-y-las-ninas-adoptadas-18-de-junio-casa-de-cultura","status":"publish","type":"post","link":"https:\/\/www.umealaia.org\/araba\/2016\/06\/05\/jornada-como-fomentar-un-apego-ganado-a-la-seguridad-en-los-y-las-ninas-adoptadas-18-de-junio-casa-de-cultura\/","title":{"rendered":"Jornada : C\u00f3mo fomentar un apego ganado a la seguridad en los y las ni\u00f1as adoptadas. 18 de junio, Casa de Cultura"},"content":{"rendered":"<p>El s\u00e1bado 18 de junio de 10 a 14 horas en la&nbsp;<a href=\"https:\/\/www.google.com\/maps\/dir\/\/Casa+de+Cultura+Ignacio+Aldecoa+Biblioteca+P%C3%BAblica,+Paseo+de+la+Florida,+9,+01005+Vitoria-Gasteiz,+Araba,+Espa%C3%B1a\/@42.8440879,-2.6754384,15z\/data=!4m15!1m6!3m5!1s0x0:0xb1419b9ec812eea1!2sCasa+de+Cultura+Ignacio+Aldecoa+Biblioteca+P%C3%BAblica!8m2!3d42.8440879!4d-2.6754384!4m7!1m0!1m5!1m1!1s0xd4fc26da4144ceb:0xb1419b9ec812eea1!2m2!1d-2.6754384!2d42.8440879\">Casa de la Cultura de la Florida<\/a>, el psic\u00f3logo&nbsp;<a href=\"https:\/\/www.joseluisgonzalo.com\/\">Jos\u00e9 Luis Gonzalo Marrod\u00e1n<\/a>&nbsp;dirigir\u00e1 una actividad en pro del apego de las personas adoptadas, acci\u00f3n que ha sido organizada por la Unidad de Acogimiento familiar y Adopciones de la Diputaci\u00f3n Foral de \u00c1lava.<\/p>\n<p>El psic\u00f3logo donostiarra organiz\u00f3 en noviembre de 2015 en San Sebasti\u00e1n &nbsp;una nueva edici\u00f3n de las <a href=\"https:\/\/www.joseluisgonzalo.com\/eventos\/\">Conversaciones sobre apego y resiliencia infantil<\/a>, actividad conebida como un&nbsp;espacio de intercambio con diversos profesionales y acad\u00e9micos que ejercen su labor dentro de los modelos te\u00f3ricos del apego y la resiliencia.<\/p>\n<p>Jos\u00e9 Luis Gonzalo Marrod\u00e1n&nbsp;no es un profesional desconocido para nuestra asociaci\u00f3n, ya que fue el profesional que nos dirigi\u00f3 en febrero el taller:&nbsp;<a href=\"https:\/\/www.umealaia.org\/araba\/2016\/01\/15\/taller-trabajando-las-funciones-ejecutivas-con-nuestros-hijosas\/\">Trabajando las funciones ejecutivas con nuestros hijos\/as<\/a>.<\/p>\n<div>Las personas que quieran acudir a la jornada &nbsp;tendr\u00e1n que enviar un correo a&nbsp;<a href=\"mailto:ifbsinfancia@alava.net\">ifbsinfancia@alava.net<\/a> o llamar al tel\u00e9fono <a href=\"tel:94527%202096\">945 274 096<\/a>.<\/div>\n","protected":false},"excerpt":{"rendered":"<p>El s\u00e1bado 18 de junio de 10 a 14 horas en la&nbsp;Casa de la Cultura de la Florida, el psic\u00f3logo&nbsp;Jos\u00e9 Luis Gonzalo Marrod\u00e1n&nbsp;dirigir\u00e1 una actividad en pro del apego de las personas adoptadas, acci\u00f3n que ha sido organizada por la Unidad de Acogimiento familiar y Adopciones de la Diputaci\u00f3n Foral de \u00c1lava. El psic\u00f3logo donostiarra [&hellip;]<\/p>\n","protected":false},"author":6,"featured_media":0,"comment_status":"open","ping_status":"open","sticky":false,"template":"","format":"standard","meta":{"_acf_changed":false,"footnotes":""},"categories":[9,1],"tags":[],"class_list":["post-206","post","type-post","status-publish","format-standard","hentry","category-noticias","category-sin-categorizar"],"acf":[],"_links":{"self":[{"href":"https:\/\/www.umealaia.org\/araba\/wp-json\/wp\/v2\/posts\/206","targetHints":{"allow":["GET"]}}],"collection":[{"href":"https:\/\/www.umealaia.org\/araba\/wp-json\/wp\/v2\/posts"}],"about":[{"href":"https:\/\/www.umealaia.org\/araba\/wp-json\/wp\/v2\/types\/post"}],"author":[{"embeddable":true,"href":"https:\/\/www.umealaia.org\/araba\/wp-json\/wp\/v2\/users\/6"}],"replies":[{"embeddable":true,"href":"https:\/\/www.umealaia.org\/araba\/wp-json\/wp\/v2\/comments?post=206"}],"version-history":[{"count":2,"href":"https:\/\/www.umealaia.org\/araba\/wp-json\/wp\/v2\/posts\/206\/revisions"}],"predecessor-version":[{"id":332,"href":"https:\/\/www.umealaia.org\/araba\/wp-json\/wp\/v2\/posts\/206\/revisions\/332"}],"wp:attachment":[{"href":"https:\/\/www.umealaia.org\/araba\/wp-json\/wp\/v2\/media?parent=206"}],"wp:term":[{"taxonomy":"category","embeddable":true,"href":"https:\/\/www.umealaia.org\/araba\/wp-json\/wp\/v2\/categories?post=206"},{"taxonomy":"post_tag","embeddable":true,"href":"https:\/\/www.umealaia.org\/araba\/wp-json\/wp\/v2\/tags?post=206"}],"curies":[{"name":"wp","href":"https:\/\/api.w.org\/{rel}","templated":true}]}}