{"id":203,"date":"2016-11-05T20:16:00","date_gmt":"2016-11-05T19:16:00","guid":{"rendered":""},"modified":"2021-10-25T10:40:10","modified_gmt":"2021-10-25T09:40:10","slug":"seminario-sobre-adopcion-y-origenes-del-18-al-19-de-noviembre","status":"publish","type":"post","link":"https:\/\/www.umealaia.org\/araba\/2016\/11\/05\/seminario-sobre-adopcion-y-origenes-del-18-al-19-de-noviembre\/","title":{"rendered":"Seminario sobre adopci\u00f3n y or\u00edgenes del 18 al 19 de noviembre"},"content":{"rendered":"<p>Ume Alaia Araba se complace en invitaros al seminario que ha organizado para tratar los or\u00edgenes en la adopci\u00f3n, tema de vital importancia para las  personas que fueron adoptadas y sus familias.<\/p>\n<div><span><br \/><\/span><\/div>\n<div><b>Lugar:<\/b> Colegio San Prudencio (<a href=\"https:\/\/www.google.com\/maps\/place\/Colegio+San+Prudencio+Ikastetxea\/@42.859145,-2.690946,15z\/data=!4m2!3m1!1s0x0:0x439fdd35449dd9c0?sa=X&amp;ved=0ahUKEwik1I232orQAhVK2IMKHVI_B1EQ_BIIXzAK\">Calle del Duque de Wellington 4<\/a> ,Vitoria-Gasteiz)<\/div>\n<div><\/div>\n<div><\/div>\n<h3>Viernes 18 de noviembre&nbsp;<\/h3>\n<h4>18:00 a 20:00 h.<br \/><span style=\"font-weight: normal\"><a href=\"http:\/\/web.upcomillas.es\/profesor\/a.berastegui\">Ana Berastegui Pedro-Viejo<\/a>, investigadora en el campo de la familia en contextos de vulnerabilidad social, llevar\u00e1 a cabo su ponencia sobre la gesti\u00f3n de la informaci\u00f3n de la historia de vida de nuestr@s hij@s.<\/span><\/h4>\n<div><\/div>\n<div><\/div>\n<h3>S\u00e1bado 19 de noviembre&nbsp;<\/h3>\n<p><b>10:00 a 12:00 h.<\/b><br \/>Xabier de <a href=\"http:\/\/www.lavozdelosadoptados.es\/\">La Voz de los Adoptados<\/a>, compartir\u00e1 la visi\u00f3n de La Voz en la b\u00fasqueda de or\u00edgenes en adopci\u00f3n con testimonios de experiencias vividas.<br \/><b>12:00 a 14:00 h.<\/b><br \/><a href=\"http:\/\/madop.es\/sobre-mi\/jaime-ledesma-del-busto\/\">Jaime Ledesma<\/a>, mediador familiar en diferentes \u00e1reas alrededor de la adopci\u00f3n,  nos hablar\u00e1 de mediaci\u00f3n familiar profesional en familias adoptivas en restablecimiento del contacto con la familia de origen (en ni\u00f1os mayores que conservan recuerdos de su familia biol\u00f3gica); y sobre todo, mediaci\u00f3n familiar en b\u00fasqueda de or\u00edgenes del adulto adoptado, en el que el mediador acompa\u00f1a a cada una de las partes en un proceso lento y delicado hacia la b\u00fasqueda activa de su propia historia de origen.<\/p>\n<p>Habr\u00e1 servicio de guarder\u00eda, para ni\u00f1@s de 3 a 12 a\u00f1os. Esta actividad ser\u00e1 subvencionada por la Diputaci\u00f3n &nbsp;Foral de \u00c1lava.<br \/><a href=\"https:\/\/docs.google.com\/forms\/d\/e\/1FAIpQLScfrfod9AyxINENEyGme9rAiHghZ-NcEgmg6ENktpZKfgjuRg\/viewform?c=0&amp;w=1\">Inscripciones para el seminario y guarder\u00eda<\/a><\/p>\n","protected":false},"excerpt":{"rendered":"<p>Ume Alaia Araba se complace en invitaros al seminario que ha organizado para tratar los or\u00edgenes en la adopci\u00f3n, tema de vital importancia para las personas que fueron adoptadas y sus familias. Lugar: Colegio San Prudencio (Calle del Duque de Wellington 4 ,Vitoria-Gasteiz) Viernes 18 de noviembre&nbsp; 18:00 a 20:00 h.Ana Berastegui Pedro-Viejo, investigadora en [&hellip;]<\/p>\n","protected":false},"author":6,"featured_media":0,"comment_status":"open","ping_status":"open","sticky":false,"template":"","format":"standard","meta":{"_acf_changed":false,"footnotes":""},"categories":[9,1],"tags":[],"class_list":["post-203","post","type-post","status-publish","format-standard","hentry","category-noticias","category-sin-categorizar"],"acf":[],"_links":{"self":[{"href":"https:\/\/www.umealaia.org\/araba\/wp-json\/wp\/v2\/posts\/203","targetHints":{"allow":["GET"]}}],"collection":[{"href":"https:\/\/www.umealaia.org\/araba\/wp-json\/wp\/v2\/posts"}],"about":[{"href":"https:\/\/www.umealaia.org\/araba\/wp-json\/wp\/v2\/types\/post"}],"author":[{"embeddable":true,"href":"https:\/\/www.umealaia.org\/araba\/wp-json\/wp\/v2\/users\/6"}],"replies":[{"embeddable":true,"href":"https:\/\/www.umealaia.org\/araba\/wp-json\/wp\/v2\/comments?post=203"}],"version-history":[{"count":2,"href":"https:\/\/www.umealaia.org\/araba\/wp-json\/wp\/v2\/posts\/203\/revisions"}],"predecessor-version":[{"id":295,"href":"https:\/\/www.umealaia.org\/araba\/wp-json\/wp\/v2\/posts\/203\/revisions\/295"}],"wp:attachment":[{"href":"https:\/\/www.umealaia.org\/araba\/wp-json\/wp\/v2\/media?parent=203"}],"wp:term":[{"taxonomy":"category","embeddable":true,"href":"https:\/\/www.umealaia.org\/araba\/wp-json\/wp\/v2\/categories?post=203"},{"taxonomy":"post_tag","embeddable":true,"href":"https:\/\/www.umealaia.org\/araba\/wp-json\/wp\/v2\/tags?post=203"}],"curies":[{"name":"wp","href":"https:\/\/api.w.org\/{rel}","templated":true}]}}