{"id":202,"date":"2016-12-09T23:28:00","date_gmt":"2016-12-09T22:28:00","guid":{"rendered":""},"modified":"2021-10-25T10:40:10","modified_gmt":"2021-10-25T09:40:10","slug":"un-ano-mas","status":"publish","type":"post","link":"https:\/\/www.umealaia.org\/araba\/2016\/12\/09\/un-ano-mas\/","title":{"rendered":"Un a\u00f1o m\u00e1s"},"content":{"rendered":"<p>Un a\u00f1o m\u00e1s Ume Alaia Araba te invita a&#8230;<br \/>&#8230; pasar un tiempo en familia<\/p>\n<p>En esta ocasi\u00f3n, nos toca el domingo d\u00eda 18 de diciembre.<\/p>\n<p>Os invitamos a participar ese d\u00eda en alguna de las actividades que hemos organizado para todas y todos:<\/p>\n<ul><a href=\"https:\/\/www.umealaia.org\/araba\/wp-content\/uploads\/sites\/3\/2016\/12\/arbol-1.png\" style=\"clear: right;float: right;margin-bottom: 1em;margin-left: 1em\"><img loading=\"lazy\" decoding=\"async\" border=\"0\" height=\"320\" src=\"https:\/\/www.umealaia.org\/araba\/wp-content\/uploads\/sites\/3\/2016\/12\/arbol-1-239x300.png\" width=\"254\" \/><\/a><\/p>\n<li>Talleres de manualidades para ni\u00f1os de entre 3 y 12 a\u00f1os. (11:30 h &#8211; 13:30 h). Lugar:&nbsp;<a href=\"https:\/\/www.google.es\/maps?f=q&amp;source=embed&amp;hl=es&amp;geocode&amp;q=Calle+del+Cubo,+26,+Vitoria-Gasteiz&amp;aq=0&amp;oq=cubo&amp;sll=42.854037,-2.677158&amp;sspn=0.076638,0.169086&amp;t=h&amp;ie=UTF8&amp;hq&amp;hnear=Cubo+Kalea,+26,+01001+Vitoria-Gasteiz,+Araba&amp;z=14&amp;ll=42.852635,-2.672576\">Asociaci\u00f3n Cultural Gastron\u00f3mica Kikilisalda<\/a>, calle Cubo 26.&nbsp;<\/li>\n<li>Taller de audiovisuales. De 12 a\u00f1os en adelante. (11:30 h &#8211; 13:30 h). Lugar por confirmar, inicialmente quedaremos en&nbsp;<a href=\"https:\/\/www.google.es\/maps?f=q&amp;source=embed&amp;hl=es&amp;geocode&amp;q=Calle+del+Cubo,+26,+Vitoria-Gasteiz&amp;aq=0&amp;oq=cubo&amp;sll=42.854037,-2.677158&amp;sspn=0.076638,0.169086&amp;t=h&amp;ie=UTF8&amp;hq&amp;hnear=Cubo+Kalea,+26,+01001+Vitoria-Gasteiz,+Araba&amp;z=14&amp;ll=42.852635,-2.672576\">Kikilisalda<\/a>.<\/li>\n<li>Comida popular: 10 euros por persona. Lugar:&nbsp;<a href=\"https:\/\/www.google.es\/maps?f=q&amp;source=embed&amp;hl=es&amp;geocode&amp;q=Calle+del+Cubo,+26,+Vitoria-Gasteiz&amp;aq=0&amp;oq=cubo&amp;sll=42.854037,-2.677158&amp;sspn=0.076638,0.169086&amp;t=h&amp;ie=UTF8&amp;hq&amp;hnear=Cubo+Kalea,+26,+01001+Vitoria-Gasteiz,+Araba&amp;z=14&amp;ll=42.852635,-2.672576\">Asociaci\u00f3n Cultural Gastron\u00f3mica Kikilisalda<\/a>. A partir de las 14:00 h.&nbsp;<\/li>\n<\/ul>\n<p><a href=\"https:\/\/goo.gl\/J2ZqGB\">Formulario para apuntarse<\/a>&nbsp;a la comida o a las actividades. Ya sab\u00e9is que pod\u00e9is traer a quien quer\u00e1is, sean o no personas asociadas.<br \/>Esta actividad ser\u00e1 subvencionada por la Diputaci\u00f3n &nbsp;Foral de \u00c1lava.<\/p>\n","protected":false},"excerpt":{"rendered":"<p>Un a\u00f1o m\u00e1s Ume Alaia Araba te invita a&#8230;&#8230; pasar un tiempo en familia En esta ocasi\u00f3n, nos toca el domingo d\u00eda 18 de diciembre. Os invitamos a participar ese d\u00eda en alguna de las actividades que hemos organizado para todas y todos: Talleres de manualidades para ni\u00f1os de entre 3 y 12 a\u00f1os. (11:30 [&hellip;]<\/p>\n","protected":false},"author":6,"featured_media":291,"comment_status":"open","ping_status":"open","sticky":false,"template":"","format":"standard","meta":{"_acf_changed":false,"footnotes":""},"categories":[9,1],"tags":[],"class_list":["post-202","post","type-post","status-publish","format-standard","has-post-thumbnail","hentry","category-noticias","category-sin-categorizar"],"acf":[],"_links":{"self":[{"href":"https:\/\/www.umealaia.org\/araba\/wp-json\/wp\/v2\/posts\/202","targetHints":{"allow":["GET"]}}],"collection":[{"href":"https:\/\/www.umealaia.org\/araba\/wp-json\/wp\/v2\/posts"}],"about":[{"href":"https:\/\/www.umealaia.org\/araba\/wp-json\/wp\/v2\/types\/post"}],"author":[{"embeddable":true,"href":"https:\/\/www.umealaia.org\/araba\/wp-json\/wp\/v2\/users\/6"}],"replies":[{"embeddable":true,"href":"https:\/\/www.umealaia.org\/araba\/wp-json\/wp\/v2\/comments?post=202"}],"version-history":[{"count":3,"href":"https:\/\/www.umealaia.org\/araba\/wp-json\/wp\/v2\/posts\/202\/revisions"}],"predecessor-version":[{"id":330,"href":"https:\/\/www.umealaia.org\/araba\/wp-json\/wp\/v2\/posts\/202\/revisions\/330"}],"wp:featuredmedia":[{"embeddable":true,"href":"https:\/\/www.umealaia.org\/araba\/wp-json\/wp\/v2\/media\/291"}],"wp:attachment":[{"href":"https:\/\/www.umealaia.org\/araba\/wp-json\/wp\/v2\/media?parent=202"}],"wp:term":[{"taxonomy":"category","embeddable":true,"href":"https:\/\/www.umealaia.org\/araba\/wp-json\/wp\/v2\/categories?post=202"},{"taxonomy":"post_tag","embeddable":true,"href":"https:\/\/www.umealaia.org\/araba\/wp-json\/wp\/v2\/tags?post=202"}],"curies":[{"name":"wp","href":"https:\/\/api.w.org\/{rel}","templated":true}]}}