{"id":201,"date":"2017-02-15T20:30:00","date_gmt":"2017-02-15T19:30:00","guid":{"rendered":""},"modified":"2021-10-25T10:40:10","modified_gmt":"2021-10-25T09:40:10","slug":"un-cafe","status":"publish","type":"post","link":"https:\/\/www.umealaia.org\/araba\/2017\/02\/15\/un-cafe\/","title":{"rendered":"\u00bfUn caf\u00e9?"},"content":{"rendered":"<p>Volvemos con las pilas cargadas, este marzo lo tenemos a rebosar de actividades, de momento para empezar os proponemos un<\/p>\n<div><\/p>\n<h3>Caf\u00e9 tertulia&nbsp;<\/h3>\n<div><\/div>\n<div>Esta vez ser\u00e1 el martes 7 de marzo de nuevo en los&nbsp;<a href=\"https:\/\/www.google.es\/maps?q=Estrasburgo+Ibilbidea,+17,+Vitoria&amp;hl=es&amp;ll=42.854024,-2.650645&amp;spn=0.00306,0.004823&amp;sll=42.852679,-2.650339&amp;sspn=0.00306,0.004823&amp;oq=Estrasburgo++17+vitoria&amp;hnear=Estrasburgo+Ibilbidea,+17,+01002+Vitoria-Gasteiz,+Araba&amp;t=m&amp;z=18\">locales de asociaciones de Salburua<\/a>. El horario ser\u00e1 de 18:30 a 20:00 h. Habr\u00e1 temas para todas las edades. \u00a1Os esperamos!<\/div>\n<div><\/div>\n<div><\/div>\n<div><\/div>\n<div><img loading=\"lazy\" decoding=\"async\" alt=\"Resultado de imagen para caf\u00e9\" height=\"299\" src=\"https:\/\/www.umealaia.org\/araba\/wp-content\/uploads\/sites\/3\/2017\/02\/621x466_4ff72e85b93795af77000003_5_33-1341603592-1-300x225.jpg\" width=\"400\" \/><\/div>\n<div><\/div>\n<div><\/div>\n<h3><\/h3>\n<div><\/div>\n<\/div>\n","protected":false},"excerpt":{"rendered":"<p>Volvemos con las pilas cargadas, este marzo lo tenemos a rebosar de actividades, de momento para empezar os proponemos un Caf\u00e9 tertulia&nbsp; Esta vez ser\u00e1 el martes 7 de marzo de nuevo en los&nbsp;locales de asociaciones de Salburua. El horario ser\u00e1 de 18:30 a 20:00 h. Habr\u00e1 temas para todas las edades. \u00a1Os esperamos!<\/p>\n","protected":false},"author":6,"featured_media":288,"comment_status":"open","ping_status":"open","sticky":false,"template":"","format":"standard","meta":{"_acf_changed":false,"footnotes":""},"categories":[9,1],"tags":[],"class_list":["post-201","post","type-post","status-publish","format-standard","has-post-thumbnail","hentry","category-noticias","category-sin-categorizar"],"acf":[],"_links":{"self":[{"href":"https:\/\/www.umealaia.org\/araba\/wp-json\/wp\/v2\/posts\/201","targetHints":{"allow":["GET"]}}],"collection":[{"href":"https:\/\/www.umealaia.org\/araba\/wp-json\/wp\/v2\/posts"}],"about":[{"href":"https:\/\/www.umealaia.org\/araba\/wp-json\/wp\/v2\/types\/post"}],"author":[{"embeddable":true,"href":"https:\/\/www.umealaia.org\/araba\/wp-json\/wp\/v2\/users\/6"}],"replies":[{"embeddable":true,"href":"https:\/\/www.umealaia.org\/araba\/wp-json\/wp\/v2\/comments?post=201"}],"version-history":[{"count":2,"href":"https:\/\/www.umealaia.org\/araba\/wp-json\/wp\/v2\/posts\/201\/revisions"}],"predecessor-version":[{"id":329,"href":"https:\/\/www.umealaia.org\/araba\/wp-json\/wp\/v2\/posts\/201\/revisions\/329"}],"wp:featuredmedia":[{"embeddable":true,"href":"https:\/\/www.umealaia.org\/araba\/wp-json\/wp\/v2\/media\/288"}],"wp:attachment":[{"href":"https:\/\/www.umealaia.org\/araba\/wp-json\/wp\/v2\/media?parent=201"}],"wp:term":[{"taxonomy":"category","embeddable":true,"href":"https:\/\/www.umealaia.org\/araba\/wp-json\/wp\/v2\/categories?post=201"},{"taxonomy":"post_tag","embeddable":true,"href":"https:\/\/www.umealaia.org\/araba\/wp-json\/wp\/v2\/tags?post=201"}],"curies":[{"name":"wp","href":"https:\/\/api.w.org\/{rel}","templated":true}]}}