{"id":200,"date":"2017-02-23T23:01:00","date_gmt":"2017-02-23T22:01:00","guid":{"rendered":""},"modified":"2021-10-25T10:40:10","modified_gmt":"2021-10-25T09:40:10","slug":"11-de-marzo-visita-a-la-granja-de-usama","status":"publish","type":"post","link":"https:\/\/www.umealaia.org\/araba\/2017\/02\/23\/11-de-marzo-visita-a-la-granja-de-usama\/","title":{"rendered":"11 de marzo visita a la granja de Usama"},"content":{"rendered":"<div style=\"text-align: justify\">El s\u00e1bado 11 de marzo por la ma\u00f1ana hemos programado una actividad familiar en la <a href=\"http:\/\/lagranjadeusama.es\/\">Granja de Usama<\/a>. La visita la haremos en exclusiva, es decir solo para la gran familia de Ume Alaia Araba.<\/p>\n<\/div>\n<p>Echad un vistazo a todos los animales que all\u00ed encontraremos.<\/p>\n<div style=\"clear: both;text-align: center\"><\/div>\n<p><\/p>\n<div style=\"text-align: justify\">La granja se ubica en Arkaia y para quienes no puedan ir en su propio veh\u00edculo, pueden desplazarse hasta all\u00ed en el <a href=\"http:\/\/www.vitoria-gasteiz.org\/we001\/was\/we001Action.do?idioma=es&amp;aplicacion=wb021&amp;tabla=contenido&amp;uid=u_5e187456_14bb0f5d879__7ffa\">autob\u00fas de la l\u00ednea 10<\/a>, parada c\/Antonio Amat 5-24. Nos veremos en la granja a las 10:15 y comenzaremos la visita a la granja a las 10:30 para acabar a las 13:30.<\/p>\n<\/div>\n<div style=\"text-align: center\"><\/div>\n<div style=\"text-align: justify\">La actividad es gratuita para los miembros de las familias asociadas (gracias a una subvenci\u00f3n foral), pero es necesario inscribirse para coordinarnos lo mejor posible. Si decid\u00eds traer a alguien que no est\u00e9 asociado el precio ser\u00e1 de 6\u20ac por persona.<br \/>\u00a1No olvid\u00e9is traer algo de almuerzo!<\/p>\n<ul>\n<li><a href=\"https:\/\/docs.google.com\/forms\/d\/e\/1FAIpQLSdI8ikmVBNJ74lIBrZNq_M04RX6YbxA4q3GuE2dKijijW_gqA\/viewform?fbzx=-1835302531107406800\" target=\"_blank\">Inscripci\u00f3n<\/a><\/li>\n<\/ul>\n<\/div>\n<div style=\"text-align: justify\"><\/div>\n<p><\/p>\n","protected":false},"excerpt":{"rendered":"<p>El s\u00e1bado 11 de marzo por la ma\u00f1ana hemos programado una actividad familiar en la Granja de Usama. La visita la haremos en exclusiva, es decir solo para la gran familia de Ume Alaia Araba. Echad un vistazo a todos los animales que all\u00ed encontraremos. La granja se ubica en Arkaia y para quienes no [&hellip;]<\/p>\n","protected":false},"author":6,"featured_media":0,"comment_status":"open","ping_status":"open","sticky":false,"template":"","format":"standard","meta":{"_acf_changed":false,"footnotes":""},"categories":[9,1],"tags":[],"class_list":["post-200","post","type-post","status-publish","format-standard","hentry","category-noticias","category-sin-categorizar"],"acf":[],"_links":{"self":[{"href":"https:\/\/www.umealaia.org\/araba\/wp-json\/wp\/v2\/posts\/200","targetHints":{"allow":["GET"]}}],"collection":[{"href":"https:\/\/www.umealaia.org\/araba\/wp-json\/wp\/v2\/posts"}],"about":[{"href":"https:\/\/www.umealaia.org\/araba\/wp-json\/wp\/v2\/types\/post"}],"author":[{"embeddable":true,"href":"https:\/\/www.umealaia.org\/araba\/wp-json\/wp\/v2\/users\/6"}],"replies":[{"embeddable":true,"href":"https:\/\/www.umealaia.org\/araba\/wp-json\/wp\/v2\/comments?post=200"}],"version-history":[{"count":1,"href":"https:\/\/www.umealaia.org\/araba\/wp-json\/wp\/v2\/posts\/200\/revisions"}],"predecessor-version":[{"id":286,"href":"https:\/\/www.umealaia.org\/araba\/wp-json\/wp\/v2\/posts\/200\/revisions\/286"}],"wp:attachment":[{"href":"https:\/\/www.umealaia.org\/araba\/wp-json\/wp\/v2\/media?parent=200"}],"wp:term":[{"taxonomy":"category","embeddable":true,"href":"https:\/\/www.umealaia.org\/araba\/wp-json\/wp\/v2\/categories?post=200"},{"taxonomy":"post_tag","embeddable":true,"href":"https:\/\/www.umealaia.org\/araba\/wp-json\/wp\/v2\/tags?post=200"}],"curies":[{"name":"wp","href":"https:\/\/api.w.org\/{rel}","templated":true}]}}