{"id":199,"date":"2017-03-02T23:13:00","date_gmt":"2017-03-02T22:13:00","guid":{"rendered":""},"modified":"2021-10-25T10:40:10","modified_gmt":"2021-10-25T09:40:10","slug":"asamblea-anual-ordinaria-18-de-marzo","status":"publish","type":"post","link":"https:\/\/www.umealaia.org\/araba\/2017\/03\/02\/asamblea-anual-ordinaria-18-de-marzo\/","title":{"rendered":"Asamblea anual ordinaria 18 de marzo"},"content":{"rendered":"<p>Este a\u00f1o celebramos la asamblea anual ordinaria de Ume Alaia Araba en la casa de Asociaciones de Simone de Bouveaur en el n\u00ba 8 de la calle San Ignacio de Loyola, concretamente en la sala de uso com\u00fan de la&nbsp;2\u00aa&nbsp;planta.  Primera convocatoria de la asamblea &nbsp;10:30h y la segunda 11 de la ma\u00f1ana. La reuni\u00f3n da comienzo en segunda convocatoria en caso de no haber mayor\u00eda en la primera.<\/p>\n<h3> Orden del d\u00eda<\/h3>\n<ol>\n<li>&nbsp;Aprobaci\u00f3n del acta de la asamblea anterior.<\/li>\n<li>Cuenta de resultados 2016.<\/li>\n<li>Memoria actividades 2016.<\/li>\n<li>Calendario de actividades 2017.<\/li>\n<li>Votaciones candidatura de nuev@ vocal.<\/li>\n<li>Ruegos y preguntas.<\/li>\n<\/ol>\n<p><\/p>\n","protected":false},"excerpt":{"rendered":"<p>Este a\u00f1o celebramos la asamblea anual ordinaria de Ume Alaia Araba en la casa de Asociaciones de Simone de Bouveaur en el n\u00ba 8 de la calle San Ignacio de Loyola, concretamente en la sala de uso com\u00fan de la&nbsp;2\u00aa&nbsp;planta. Primera convocatoria de la asamblea &nbsp;10:30h y la segunda 11 de la ma\u00f1ana. La reuni\u00f3n [&hellip;]<\/p>\n","protected":false},"author":6,"featured_media":0,"comment_status":"open","ping_status":"open","sticky":false,"template":"","format":"standard","meta":{"_acf_changed":false,"footnotes":""},"categories":[9,1],"tags":[],"class_list":["post-199","post","type-post","status-publish","format-standard","hentry","category-noticias","category-sin-categorizar"],"acf":[],"_links":{"self":[{"href":"https:\/\/www.umealaia.org\/araba\/wp-json\/wp\/v2\/posts\/199","targetHints":{"allow":["GET"]}}],"collection":[{"href":"https:\/\/www.umealaia.org\/araba\/wp-json\/wp\/v2\/posts"}],"about":[{"href":"https:\/\/www.umealaia.org\/araba\/wp-json\/wp\/v2\/types\/post"}],"author":[{"embeddable":true,"href":"https:\/\/www.umealaia.org\/araba\/wp-json\/wp\/v2\/users\/6"}],"replies":[{"embeddable":true,"href":"https:\/\/www.umealaia.org\/araba\/wp-json\/wp\/v2\/comments?post=199"}],"version-history":[{"count":1,"href":"https:\/\/www.umealaia.org\/araba\/wp-json\/wp\/v2\/posts\/199\/revisions"}],"predecessor-version":[{"id":285,"href":"https:\/\/www.umealaia.org\/araba\/wp-json\/wp\/v2\/posts\/199\/revisions\/285"}],"wp:attachment":[{"href":"https:\/\/www.umealaia.org\/araba\/wp-json\/wp\/v2\/media?parent=199"}],"wp:term":[{"taxonomy":"category","embeddable":true,"href":"https:\/\/www.umealaia.org\/araba\/wp-json\/wp\/v2\/categories?post=199"},{"taxonomy":"post_tag","embeddable":true,"href":"https:\/\/www.umealaia.org\/araba\/wp-json\/wp\/v2\/tags?post=199"}],"curies":[{"name":"wp","href":"https:\/\/api.w.org\/{rel}","templated":true}]}}