{"id":198,"date":"2017-04-26T22:00:00","date_gmt":"2017-04-26T21:00:00","guid":{"rendered":""},"modified":"2021-10-25T10:40:10","modified_gmt":"2021-10-25T09:40:10","slug":"excursion-a-gallarta-el-domingo-14-de-mayo","status":"publish","type":"post","link":"https:\/\/www.umealaia.org\/araba\/2017\/04\/26\/excursion-a-gallarta-el-domingo-14-de-mayo\/","title":{"rendered":"Excursi\u00f3n a Gallarta el domingo 14 de mayo"},"content":{"rendered":"<p>Como en a\u00f1os anteriores queremos pasar un d\u00eda junt@s y en esta ocasi\u00f3n visitaremos las <a href=\"http:\/\/www.meatzaldea.eus\/\">minas de Gallarta<\/a>. Iremos en autob\u00fas y, tras realizar la visita por la ma\u00f1ana, comeremos en <a href=\"https:\/\/es.wikipedia.org\/wiki\/La_Arboleda\">La Arboleda<\/a>, lo que cada un@ lleve.<\/p>\n<p><b>Salida:<\/b> a las 10 de la ma\u00f1ana desde la parada de autb\u00fas junto al <a href=\"https:\/\/www.google.com\/maps\/dir\/\/Un+Toque+de+Laurel,+Av.+Juan+Carlos+I,+24,+01002+Vitoria-Gasteiz,+%C3%81lava,+Espa%C3%B1a\/@42.853945,-2.649711,15z\/data=!4m15!1m6!3m5!1s0x0:0xb422db4de7c41dc2!2sUn+Toque+de+Laurel!8m2!3d42.853945!4d-2.649711!4m7!1m0!1m5!1m1!1s0xd4fc2f2ebadf90f:0xb422db4de7c41dc2!2m2!1d-2.649711!2d42.853945\">bar Laurel<\/a> (Avda.Juan Carlos I, 24; Salburua)..<br \/><b>Hora estimada de regreso<\/b>: 18:30 en Vitoria.<br \/><b>Precio: <\/b>5 \u20ac\/persona para asociad@s y 8\u20ac\/persona para no soci@s.<\/p>\n<p><b>Formas de pago:<\/b><\/p>\n<ul>\n<li>ingreso  en la cuenta de La Caixa n\u00ba: ES14 2100 4994 1121 0025 7635, indicando en el concepto nombre, apellidos y Gallarta.<\/li>\n<li>o en persona 9 de mayo de 18:30 a 20:00 en la AAVV de <a href=\"https:\/\/www.google.com\/maps\/dir\/\/Salburua+burdinbide,+Estrasburgo+Ibilbidea,+17,+01002+Vitoria-Gasteiz,+%C3%81lava,+Espa%C3%B1a\/@42.8534353,-2.6522031,17z\/data=!4m15!1m6!3m5!1s0xd4fc2f2b8647ed7:0x6b198f4f8be44!2sSalburua+burdinbide!8m2!3d42.8534353!4d-2.6500144!4m7!1m0!1m5!1m1!1s0xd4fc2f2b8647ed7:0x6b198f4f8be44!2m2!1d-2.6500144!2d42.8534353\">Salburua Burdinbide.<\/a><\/li>\n<\/ul>\n<p>Esta actividad ser\u00e1 subvencionada por la <a href=\"http:\/\/www.araba.eus\/cs\/Satellite?pagename=DiputacionAlava\/Page\/DPA_home\">Diputaci\u00f3n  Foral de \u00c1lava<\/a>.<\/p>\n<div>\n<ul>\n<li><a href=\"https:\/\/docs.google.com\/forms\/d\/e\/1FAIpQLSdo8Hyjwuwx2EIlscxwI1kNfKvy5LaSGiR8dJD35cnY712vcg\/viewform?c=0&amp;w=1\">Inscripci\u00f3n<\/a>&nbsp;a la excursi\u00f3n.<\/li>\n<\/ul>\n<div style=\"clear: both;text-align: center\"><a href=\"https:\/\/www.umealaia.org\/araba\/wp-content\/uploads\/sites\/3\/2017\/04\/8496552900_4a8e67b3e6_z-1.jpg\" style=\"margin-left: 1em;margin-right: 1em\"><img loading=\"lazy\" decoding=\"async\" border=\"0\" height=\"212\" src=\"https:\/\/www.umealaia.org\/araba\/wp-content\/uploads\/sites\/3\/2017\/04\/8496552900_4a8e67b3e6_z-1-300x199.jpg\" width=\"320\" \/><\/a><\/div>\n<div><\/div>\n<\/div>\n","protected":false},"excerpt":{"rendered":"<p>Como en a\u00f1os anteriores queremos pasar un d\u00eda junt@s y en esta ocasi\u00f3n visitaremos las minas de Gallarta. Iremos en autob\u00fas y, tras realizar la visita por la ma\u00f1ana, comeremos en La Arboleda, lo que cada un@ lleve. Salida: a las 10 de la ma\u00f1ana desde la parada de autb\u00fas junto al bar Laurel (Avda.Juan [&hellip;]<\/p>\n","protected":false},"author":6,"featured_media":283,"comment_status":"open","ping_status":"open","sticky":false,"template":"","format":"standard","meta":{"_acf_changed":false,"footnotes":""},"categories":[9,1],"tags":[],"class_list":["post-198","post","type-post","status-publish","format-standard","has-post-thumbnail","hentry","category-noticias","category-sin-categorizar"],"acf":[],"_links":{"self":[{"href":"https:\/\/www.umealaia.org\/araba\/wp-json\/wp\/v2\/posts\/198","targetHints":{"allow":["GET"]}}],"collection":[{"href":"https:\/\/www.umealaia.org\/araba\/wp-json\/wp\/v2\/posts"}],"about":[{"href":"https:\/\/www.umealaia.org\/araba\/wp-json\/wp\/v2\/types\/post"}],"author":[{"embeddable":true,"href":"https:\/\/www.umealaia.org\/araba\/wp-json\/wp\/v2\/users\/6"}],"replies":[{"embeddable":true,"href":"https:\/\/www.umealaia.org\/araba\/wp-json\/wp\/v2\/comments?post=198"}],"version-history":[{"count":2,"href":"https:\/\/www.umealaia.org\/araba\/wp-json\/wp\/v2\/posts\/198\/revisions"}],"predecessor-version":[{"id":328,"href":"https:\/\/www.umealaia.org\/araba\/wp-json\/wp\/v2\/posts\/198\/revisions\/328"}],"wp:featuredmedia":[{"embeddable":true,"href":"https:\/\/www.umealaia.org\/araba\/wp-json\/wp\/v2\/media\/283"}],"wp:attachment":[{"href":"https:\/\/www.umealaia.org\/araba\/wp-json\/wp\/v2\/media?parent=198"}],"wp:term":[{"taxonomy":"category","embeddable":true,"href":"https:\/\/www.umealaia.org\/araba\/wp-json\/wp\/v2\/categories?post=198"},{"taxonomy":"post_tag","embeddable":true,"href":"https:\/\/www.umealaia.org\/araba\/wp-json\/wp\/v2\/tags?post=198"}],"curies":[{"name":"wp","href":"https:\/\/api.w.org\/{rel}","templated":true}]}}