{"id":197,"date":"2017-05-28T20:45:00","date_gmt":"2017-05-28T19:45:00","guid":{"rendered":""},"modified":"2021-10-25T10:40:10","modified_gmt":"2021-10-25T09:40:10","slug":"programa-de-intervencion-precoz-en-situaciones-de-violencia-filio-parental","status":"publish","type":"post","link":"https:\/\/www.umealaia.org\/araba\/2017\/05\/28\/programa-de-intervencion-precoz-en-situaciones-de-violencia-filio-parental\/","title":{"rendered":"Programa de Intervenci\u00f3n Precoz en Situaciones de Violencia Filio Parental"},"content":{"rendered":"<p>As\u00ed comienza el folleto del programa de Servicios Sociales del Ayuntamiento de Vitoria-Gasteiz del&nbsp;<a href=\"http:\/\/www.vitoria-gasteiz.org\/we001\/was\/we001Action.do?aplicacion=wb021&amp;tabla=contenido&amp;idioma=es&amp;uid=u_1e404d86_15bcc94f31f__7da4\">Programa de intervenci\u00f3n precoz en situaciones&nbsp;de Violencia Filio-Parental<\/a>.:<\/p>\n<p><span style=\"color: #351c75\">\u00bfTu hijo o tu hija te insulta? \u00bfTe amenaza? \u00bfRompe objetos? \u00bfTe empuja? \u00bfGolpea muebles y puertas? \u00bfTe roba dinero? \u00bfTienes miedo a que te agreda?<br \/>Si estas viviendo alguna de estas realidades y tienes dificultad para manejar la situaci\u00f3n.<br \/>\u00a1ES HORA DE BUSCAR APOYO!<\/span><\/p>\n<div><\/div>\n<div>El programa ofrece apoyo tanto a las familias como a sus diferentes miembros por separado. &nbsp;<\/div>\n<div>\n<ul>\n<li><a href=\"https:\/\/drive.google.com\/open?id=0B5j6sNPYtAqFVzZ3NkNNOTl3enloNVB4U2daZzlIYi1YR0d3\">Folleto para familias<\/a> &#8211; <a href=\"https:\/\/drive.google.com\/open?id=0B5j6sNPYtAqFQ2ZvRnl2RHdnMkdGZDNIOFhrcHpNc0ZKb1Bj\">Familiarako informazioa euskaraz<\/a><\/li>\n<li><a href=\"https:\/\/drive.google.com\/file\/d\/0B5j6sNPYtAqFT2tJT1Y4QjZ6YzhMcTVIcXh0dWgxWmJub3VN\/view?usp=sharing\">Informaci\u00f3n para adolescentes<\/a><span><\/span><a href=\"https:\/\/www.blogger.com\/\"><\/a><span><\/span>&nbsp;&#8211;&nbsp;<a href=\"https:\/\/drive.google.com\/file\/d\/0B5j6sNPYtAqFM19tQ1pQZDBEeFNQQmUxYmNKM2RxR180SE9j\/view?usp=sharing\">Neraberenarako txosten euskaraz<\/a><\/li>\n<\/ul>\n<\/div>\n<div>Aprovechamos esta publicaci\u00f3n para informar que en el Ayuntamiento de Vitoria-Gasteiz se ofrecen adem\u00e1s de este servicio diferentes programas para l@s j\u00f3venes,&nbsp;<\/div>\n<div>\n<ul>\n<li><a href=\"http:\/\/www.vitoria-gasteiz.org\/we001\/was\/we001Action.do?aplicacion=wb021&amp;tabla=contenido&amp;idioma=es&amp;uid=348fe8ef_123e5db0954__7fc9\">Asexor\u00eda<\/a><\/li>\n<li><a href=\"http:\/\/www.vitoria-gasteiz.org\/we001\/was\/we001Action.do?aplicacion=wb021&amp;tabla=contenido&amp;idioma=es&amp;uid=10d95438_1243788ebc7__7fc1\">Psicoasesor\u00eda<\/a><\/li>\n<li>S<a href=\"http:\/\/www.vitoria-gasteiz.org\/we001\/was\/we001Action.do?aplicacion=wb021&amp;tabla=contenido&amp;idioma=es&amp;uid=u_4670da49_14815adfc6b__7ea0\">ervicios jur\u00eddicos de apoyo a adolescentes<\/a><\/li>\n<li><a href=\"http:\/\/www.vitoria-gasteiz.org\/we001\/was\/we001Action.do?aplicacion=wb021&amp;tabla=contenido&amp;idioma=es&amp;uid=669d5f39_11fa6bbdcab__7f8d\">Y m\u00e1s servicios sobre tu salud y bienestar<\/a><\/li>\n<\/ul>\n<\/div>\n<div>Aquellas personas asociadas y empadronadas fuera de Gasteiz que quisieran acudir a algunos de estos programas pueden contactar con la asociaci\u00f3n.<\/div>\n","protected":false},"excerpt":{"rendered":"<p>As\u00ed comienza el folleto del programa de Servicios Sociales del Ayuntamiento de Vitoria-Gasteiz del&nbsp;Programa de intervenci\u00f3n precoz en situaciones&nbsp;de Violencia Filio-Parental.: \u00bfTu hijo o tu hija te insulta? \u00bfTe amenaza? \u00bfRompe objetos? \u00bfTe empuja? \u00bfGolpea muebles y puertas? \u00bfTe roba dinero? \u00bfTienes miedo a que te agreda?Si estas viviendo alguna de estas realidades y tienes [&hellip;]<\/p>\n","protected":false},"author":6,"featured_media":0,"comment_status":"open","ping_status":"open","sticky":false,"template":"","format":"standard","meta":{"_acf_changed":false,"footnotes":""},"categories":[9,1],"tags":[],"class_list":["post-197","post","type-post","status-publish","format-standard","hentry","category-noticias","category-sin-categorizar"],"acf":[],"_links":{"self":[{"href":"https:\/\/www.umealaia.org\/araba\/wp-json\/wp\/v2\/posts\/197","targetHints":{"allow":["GET"]}}],"collection":[{"href":"https:\/\/www.umealaia.org\/araba\/wp-json\/wp\/v2\/posts"}],"about":[{"href":"https:\/\/www.umealaia.org\/araba\/wp-json\/wp\/v2\/types\/post"}],"author":[{"embeddable":true,"href":"https:\/\/www.umealaia.org\/araba\/wp-json\/wp\/v2\/users\/6"}],"replies":[{"embeddable":true,"href":"https:\/\/www.umealaia.org\/araba\/wp-json\/wp\/v2\/comments?post=197"}],"version-history":[{"count":1,"href":"https:\/\/www.umealaia.org\/araba\/wp-json\/wp\/v2\/posts\/197\/revisions"}],"predecessor-version":[{"id":281,"href":"https:\/\/www.umealaia.org\/araba\/wp-json\/wp\/v2\/posts\/197\/revisions\/281"}],"wp:attachment":[{"href":"https:\/\/www.umealaia.org\/araba\/wp-json\/wp\/v2\/media?parent=197"}],"wp:term":[{"taxonomy":"category","embeddable":true,"href":"https:\/\/www.umealaia.org\/araba\/wp-json\/wp\/v2\/categories?post=197"},{"taxonomy":"post_tag","embeddable":true,"href":"https:\/\/www.umealaia.org\/araba\/wp-json\/wp\/v2\/tags?post=197"}],"curies":[{"name":"wp","href":"https:\/\/api.w.org\/{rel}","templated":true}]}}