{"id":196,"date":"2017-06-02T19:49:00","date_gmt":"2017-06-02T18:49:00","guid":{"rendered":""},"modified":"2021-10-25T10:40:10","modified_gmt":"2021-10-25T09:40:10","slug":"biodanza-y-yoga-en-familia","status":"publish","type":"post","link":"https:\/\/www.umealaia.org\/araba\/2017\/06\/02\/biodanza-y-yoga-en-familia\/","title":{"rendered":"Biodanza y yoga en familia"},"content":{"rendered":"<div style=\"clear: both\"><\/div>\n<p><\/p>\n<h2><a href=\"https:\/\/www.umealaia.org\/araba\/wp-content\/uploads\/sites\/3\/2017\/06\/yogando-2Bcon-2Bpachamama-2B-25282-2529.jpg\" style=\"clear: right;float: right;margin-bottom: 1em;margin-left: 1em;text-align: center\"><img loading=\"lazy\" decoding=\"async\" border=\"0\" height=\"214\" src=\"https:\/\/www.umealaia.org\/araba\/wp-content\/uploads\/sites\/3\/2017\/06\/yogando-2Bcon-2Bpachamama-2B-25282-2529-300x201.jpg\" width=\"320\" \/><\/a>Yoga para hijos o Yoga en familia<\/h2>\n<p><span style=\"font-family: sans-serif\">Encuentro para resolver o plantear dudas con las responsables de las actividades. 9<\/span>&nbsp;Junio. 18.00h Simone de Beauvoir. Calle San Ignacio de Loyola n\u00ba8, Sala de Reuniones en la segunda planta (frente a la cafeter\u00eda Los \u00e1ngeles)<\/p>\n<p>Responsable del proyecto Miren.<\/p>\n<h2><a href=\"https:\/\/www.umealaia.org\/araba\/wp-content\/uploads\/sites\/3\/2017\/06\/biodanza-2Ben-2Bfamilia-2B-2B12-2Bde-2Bjunio.jpg\" style=\"clear: right;float: right;margin-bottom: 1em;margin-left: 1em;text-align: center\"><img loading=\"lazy\" decoding=\"async\" border=\"0\" height=\"320\" src=\"https:\/\/www.umealaia.org\/araba\/wp-content\/uploads\/sites\/3\/2017\/06\/biodanza-2Ben-2Bfamilia-2B-2B12-2Bde-2Bjunio-212x300.jpg\" width=\"226\" \/><\/a>Biodanza en familia<\/h2>\n<p>12 Junio. 18.30h. Espacio Mandala. Calle Coronela Ibaibarriaga n\u00ba14. En este caso Rakel Ampudia nos ofrece una clase de Biodanza para que podamos ir con nuestros hijos y coonocer la actividad. Ir con ropa c\u00f3moda. (Est\u00e1 por confirmar el precio de la sesi\u00f3n, pero ser\u00eda de 10\u20ac por familia).&nbsp;<\/p>\n<div><\/div>\n<div>Si alguna familia no puede acudira alguno de estos encuentros y est\u00e1 interesada que nos lo haga saber para mantenerle informada.<\/p>\n<p><\/div>\n","protected":false},"excerpt":{"rendered":"<p>Yoga para hijos o Yoga en familia Encuentro para resolver o plantear dudas con las responsables de las actividades. 9&nbsp;Junio. 18.00h Simone de Beauvoir. Calle San Ignacio de Loyola n\u00ba8, Sala de Reuniones en la segunda planta (frente a la cafeter\u00eda Los \u00e1ngeles) Responsable del proyecto Miren. Biodanza en familia 12 Junio. 18.30h. Espacio Mandala. [&hellip;]<\/p>\n","protected":false},"author":6,"featured_media":277,"comment_status":"open","ping_status":"open","sticky":false,"template":"","format":"standard","meta":{"_acf_changed":false,"footnotes":""},"categories":[9,1],"tags":[],"class_list":["post-196","post","type-post","status-publish","format-standard","has-post-thumbnail","hentry","category-noticias","category-sin-categorizar"],"acf":[],"_links":{"self":[{"href":"https:\/\/www.umealaia.org\/araba\/wp-json\/wp\/v2\/posts\/196","targetHints":{"allow":["GET"]}}],"collection":[{"href":"https:\/\/www.umealaia.org\/araba\/wp-json\/wp\/v2\/posts"}],"about":[{"href":"https:\/\/www.umealaia.org\/araba\/wp-json\/wp\/v2\/types\/post"}],"author":[{"embeddable":true,"href":"https:\/\/www.umealaia.org\/araba\/wp-json\/wp\/v2\/users\/6"}],"replies":[{"embeddable":true,"href":"https:\/\/www.umealaia.org\/araba\/wp-json\/wp\/v2\/comments?post=196"}],"version-history":[{"count":2,"href":"https:\/\/www.umealaia.org\/araba\/wp-json\/wp\/v2\/posts\/196\/revisions"}],"predecessor-version":[{"id":327,"href":"https:\/\/www.umealaia.org\/araba\/wp-json\/wp\/v2\/posts\/196\/revisions\/327"}],"wp:featuredmedia":[{"embeddable":true,"href":"https:\/\/www.umealaia.org\/araba\/wp-json\/wp\/v2\/media\/277"}],"wp:attachment":[{"href":"https:\/\/www.umealaia.org\/araba\/wp-json\/wp\/v2\/media?parent=196"}],"wp:term":[{"taxonomy":"category","embeddable":true,"href":"https:\/\/www.umealaia.org\/araba\/wp-json\/wp\/v2\/categories?post=196"},{"taxonomy":"post_tag","embeddable":true,"href":"https:\/\/www.umealaia.org\/araba\/wp-json\/wp\/v2\/tags?post=196"}],"curies":[{"name":"wp","href":"https:\/\/api.w.org\/{rel}","templated":true}]}}