{"id":195,"date":"2017-09-06T17:53:00","date_gmt":"2017-09-06T16:53:00","guid":{"rendered":"https:\/\/www.umealaia.org\/araba\/2017\/09\/06\/comenzamos-el-curso-en-gamarra-el-sabado-16-en-gamarra\/"},"modified":"2021-10-25T10:40:10","modified_gmt":"2021-10-25T09:40:10","slug":"comenzamos-el-curso-en-gamarra-el-sabado-16-en-gamarra","status":"publish","type":"post","link":"https:\/\/www.umealaia.org\/araba\/2017\/09\/06\/comenzamos-el-curso-en-gamarra-el-sabado-16-en-gamarra\/","title":{"rendered":"Comenzamos el curso en Gamarra el s\u00e1bado 16 en Gamarra"},"content":{"rendered":"<p>El pr\u00f3ximo s\u00e1bado 16 nos juntaremos en <a href=\"http:\/\/www.vitoria-gasteiz.org\/we001\/was\/we001Action.do?aplicacion=wb021&amp;tabla=contenido&amp;idioma=es&amp;uid=entuo_8_1_2\">el parque de Gamarra<\/a> &nbsp;para contarnos lo sucedido durante el verano. Esta vez cambiamos de espacio porque, ya finalizada la temporada de ba\u00f1o, en este parque contamos gratuitamente con ba\u00f1os y pistas deportivas de todo tipo, como frontones, futbito, baloncesto, minigolf&#8230;<\/p>\n<p><\/p>\n<div style=\"clear: both;text-align: center\"><a href=\"https:\/\/www.umealaia.org\/araba\/wp-content\/uploads\/sites\/3\/2017\/09\/mini-golf-1.jpg\" style=\"margin-left: 1em;margin-right: 1em\"><img loading=\"lazy\" decoding=\"async\" border=\"0\" height=\"117\" src=\"https:\/\/www.umealaia.org\/araba\/wp-content\/uploads\/sites\/3\/2017\/09\/mini-golf-1-300x111.jpg\" width=\"320\" \/><\/a><\/div>\n<p>Hemos previsto quedar a las 11:30 de la ma\u00f1ana en la zona de los columpios para m\u00e1s tarde jugar alg\u00fan partidillo. Antes o despu\u00e9s de comer, tendremos la oportunidad de dar un bonito paseo, ya que muy cerca se encuentra el anillo verde que rodea el parque.<\/p>\n<p>Como sabemos que los d\u00edas de buen tiempo los merenderos de &nbsp;Gamarra se completan r\u00e1pidamente, pensamos que ser\u00eda adecuado llevar sillas de camping y alguna mesa. Si el tiempo lo permite tenemos previsto finalizar a media tarde la jornada, hacia las 6 de la tarde aproximadamente.<\/p>\n<ul>\n<li><a href=\"https:\/\/www.google.com\/maps\/place\/Piscina+De+Gamarra\/@42.8712119,-2.6548201,16z\/data=!4m8!1m2!2m1!1sgamarra!3m4!1s0xd4fc31cc13dfb3b:0x18c4403ae6e5350d!8m2!3d42.874522!4d-2.6472263\">Ubicaci\u00f3n del&nbsp;parque de Gamarra<\/a><\/li>\n<\/ul>\n<p><\/p>\n","protected":false},"excerpt":{"rendered":"<p>El pr\u00f3ximo s\u00e1bado 16 nos juntaremos en el parque de Gamarra &nbsp;para contarnos lo sucedido durante el verano. Esta vez cambiamos de espacio porque, ya finalizada la temporada de ba\u00f1o, en este parque contamos gratuitamente con ba\u00f1os y pistas deportivas de todo tipo, como frontones, futbito, baloncesto, minigolf&#8230; Hemos previsto quedar a las 11:30 de [&hellip;]<\/p>\n","protected":false},"author":6,"featured_media":275,"comment_status":"open","ping_status":"open","sticky":false,"template":"","format":"standard","meta":{"_acf_changed":false,"footnotes":""},"categories":[9,1],"tags":[],"class_list":["post-195","post","type-post","status-publish","format-standard","has-post-thumbnail","hentry","category-noticias","category-sin-categorizar"],"acf":[],"_links":{"self":[{"href":"https:\/\/www.umealaia.org\/araba\/wp-json\/wp\/v2\/posts\/195","targetHints":{"allow":["GET"]}}],"collection":[{"href":"https:\/\/www.umealaia.org\/araba\/wp-json\/wp\/v2\/posts"}],"about":[{"href":"https:\/\/www.umealaia.org\/araba\/wp-json\/wp\/v2\/types\/post"}],"author":[{"embeddable":true,"href":"https:\/\/www.umealaia.org\/araba\/wp-json\/wp\/v2\/users\/6"}],"replies":[{"embeddable":true,"href":"https:\/\/www.umealaia.org\/araba\/wp-json\/wp\/v2\/comments?post=195"}],"version-history":[{"count":2,"href":"https:\/\/www.umealaia.org\/araba\/wp-json\/wp\/v2\/posts\/195\/revisions"}],"predecessor-version":[{"id":326,"href":"https:\/\/www.umealaia.org\/araba\/wp-json\/wp\/v2\/posts\/195\/revisions\/326"}],"wp:featuredmedia":[{"embeddable":true,"href":"https:\/\/www.umealaia.org\/araba\/wp-json\/wp\/v2\/media\/275"}],"wp:attachment":[{"href":"https:\/\/www.umealaia.org\/araba\/wp-json\/wp\/v2\/media?parent=195"}],"wp:term":[{"taxonomy":"category","embeddable":true,"href":"https:\/\/www.umealaia.org\/araba\/wp-json\/wp\/v2\/categories?post=195"},{"taxonomy":"post_tag","embeddable":true,"href":"https:\/\/www.umealaia.org\/araba\/wp-json\/wp\/v2\/tags?post=195"}],"curies":[{"name":"wp","href":"https:\/\/api.w.org\/{rel}","templated":true}]}}