{"id":194,"date":"2017-09-16T20:17:00","date_gmt":"2017-09-16T19:17:00","guid":{"rendered":""},"modified":"2021-10-25T10:40:10","modified_gmt":"2021-10-25T09:40:10","slug":"erase-una-vez-espacios-colaborativos-en-la-experiencia-adoptiva","status":"publish","type":"post","link":"https:\/\/www.umealaia.org\/araba\/2017\/09\/16\/erase-una-vez-espacios-colaborativos-en-la-experiencia-adoptiva\/","title":{"rendered":"\u00c9rase una vez&#8230; Espacios colaborativos en la experiencia adoptiva"},"content":{"rendered":"<p><span><a href=\"https:\/\/www.umealaia.org\/araba\/wp-content\/uploads\/sites\/3\/2017\/09\/imagen-ni-25C3-25B1os-y-titulo.jpg\" style=\"clear: left;float: left;margin-bottom: 1em;margin-right: 1em\"><img loading=\"lazy\" decoding=\"async\" border=\"0\" height=\"320\" src=\"https:\/\/www.umealaia.org\/araba\/wp-content\/uploads\/sites\/3\/2017\/09\/imagen-ni-25C3-25B1os-y-titulo-249x300.jpg\" width=\"265\" \/><\/a><\/span><span><span> El <b>21 de Octubre<\/b> nos reuniremos en el <b>Palacio de Congresos<\/b> <b>de Europa<\/b> para reflexionar acerca de la importancia de la colaboraci\u00f3n entre todos los agentes implicados en adopci\u00f3n.<\/span><\/span><span><span> Por cuarto a\u00f1o consecutivo, elaborado conjuntamente entre las tres asociaciones <span style=\"color: orange\"><b>Ume Alaia de Araba, Bizkaia y Gipuzkoa<\/b>.<\/span><\/span><\/span><br \/><span><br \/><\/span><span><span>&nbsp; Este a\u00f1o est\u00e1 dedicado especialmente al <b>p\u00fablico profesional<\/b>, para que familias y profesionales de la educaci\u00f3n, psicolog\u00eda, instituciones, entre otros, creen espacios donde colaborar usando un lenguaje com\u00fan: el esfuerzo merece la pena cuando se comparte y se aprende. <\/span><\/span><\/p>\n<p><span style=\"font-size: small\"><span>&nbsp;<span><span>Os animamos a todas y a todos a participar en la <b><span style=\"color: #0b5394\">mesa colaborativa<\/span><\/b> que se crear\u00e1 hacia el final de la jornada.Tambi\u00e9n habr\u00e1 <span style=\"color: #0b5394\"><b>actividades paralelas<\/b><\/span> para menores de 3 a 14 a\u00f1os.<\/span><\/span><\/span><\/span><br \/><span><span><br \/> <b>Hora:<\/b> De 9:30 a 13:30. Entrada libre y gratuita.<\/span><\/span><br \/><span style=\"font-size: small\"><span><a href=\"https:\/\/drive.google.com\/open?id=0B-WVrVOZyru8OXlNYldqcEJfdXM\">Ver programa<\/a> &nbsp;<\/span><\/span><br \/><span style=\"font-size: small\"><span><a href=\"https:\/\/drive.google.com\/open?id=0B-WVrVOZyru8TkdVeUF3ME56VDg\">Programazioa ikusi<\/a><\/span><\/span><\/p>\n<p><span style=\"font-size: small\"><span>Tr\u00edptico en castellano (se dobla en tres) <a href=\"https:\/\/drive.google.com\/file\/d\/0B-WVrVOZyru8eWNqazhUU0NqcjA\/view?usp=sharing\">cara 1<\/a> y <a href=\"https:\/\/drive.google.com\/file\/d\/0B-WVrVOZyru8LTBLT2ZvQ2JaWFE\/view?usp=sharing\">cara 2.<\/a>&nbsp;<\/span><\/span><br \/><span style=\"font-size: small\"><span>Triptikoa euskaraz (3 partetan tolesten da)<a href=\"https:\/\/drive.google.com\/file\/d\/0B-WVrVOZyru8OVdzdXFvU2JNc0U\/view?usp=sharing\"> aurrealdea<\/a> y <a href=\"https:\/\/drive.google.com\/file\/d\/0B-WVrVOZyru8QzF6UWZFWXo2ZEE\/view?usp=sharing\">bizkarraldea<\/a><\/span><\/span><br \/><a href=\"https:\/\/www.umealaia.org\/araba\/b\/post-preview?token=g11TNV8BAAA.Y9CvQzF2B825r46Gj4ThCAQNs0HgN2kfX0M4Yty3I0OcE9IarEMuA_Y5a5xsygqn4I9XwTS_vIO_dUQimiJF7w.whK5ZnU6DCSTTlwTyGcGIw&amp;postId=4775648020550736160&amp;type=POST\"><br \/><\/a><span style=\"font-size: small\"><span><span style=\"font-size: small\"><span><span style=\"color: black\"><a href=\"https:\/\/www.umealaia.org\/araba\/b\/post-preview?token=g11TNV8BAAA.Y9CvQzF2B825r46Gj4ThCAQNs0HgN2kfX0M4Yty3I0OcE9IarEMuA_Y5a5xsygqn4I9XwTS_vIO_dUQimiJF7w.whK5ZnU6DCSTTlwTyGcGIw&amp;postId=4775648020550736160&amp;type=POST\">Pulsar en Inscripci\u00f3n<\/a><\/span> para realizarla on line. Tambi\u00e9n se puede realizar v\u00eda e-mail.<\/span><\/span><\/span><\/span><\/p>\n<p><span style=\"font-size: small\"><span><span style=\"font-size: small\"><span><span style=\"font-size: small\"><span><a href=\"https:\/\/drive.google.com\/file\/d\/0B-WVrVOZyru8Q2c3dlJGYXJTbm8\/view?usp=sharing\">Pulsar para leer cuento introducci\u00f3n del evento.<\/a><\/span><\/span>&nbsp;<\/span><\/span><\/span><\/span><br \/><span style=\"font-size: small\"><span><span style=\"font-size: small\"><span>&nbsp;<\/span><\/span><\/span><\/span><a href=\"https:\/\/www.umealaia.org\/araba\/wp-content\/uploads\/sites\/3\/2017\/09\/colaboradores.png\" style=\"clear: left;float: left;margin-bottom: 1em;margin-right: 1em\"><img loading=\"lazy\" decoding=\"async\" border=\"0\" height=\"50\" src=\"https:\/\/www.umealaia.org\/araba\/wp-content\/uploads\/sites\/3\/2017\/09\/colaboradores-300x49.png\" width=\"320\" \/><\/a><\/p>\n<div style=\"text-align: left\"><span><b>&nbsp; <\/b><\/span><\/div>\n<p><span><a href=\"https:\/\/www.gutxinaka-gutxinaka.com\/\">Gutxinaka, gutxinaka<\/a> organizar\u00e1 las actividades para las\/los menores.<\/span><\/p>\n<p><span><b>Ponencias:<\/b><\/p>\n<p> <b><span style=\"color: #0b5394\">El d\u00e9ficit cognitivo acumulativo: su influencia en el proceso de aprendizaje.<\/span><\/b><br \/>&#8211; <b>Arantza Belastegui Dura\u00f1ona<\/b>. Psicolog\u00eda educativa. Responsable del Dpto. De Orientaci\u00f3n SUMMA Aldapeta. Formadora y asesora en el campo de la educaci\u00f3n. Responsable de Escuela de Familias.<\/span><span> <\/span><\/p>\n<div dir=\"ltr\" style=\"line-height: 1.2;margin-bottom: 0pt;margin-top: 0pt\"><\/div>\n<p><span><span style=\"color: #0b5394\"><b>All you need is love\u2026<\/b><\/span><br \/>&#8211; <b>Rosa Mar\u00eda Fern\u00e1ndez Garc\u00eda<\/b>, profesora Titular de Universidad del \u00c1rea de Psicobiolog\u00eda de la Universidad Da Coru\u00f1a. Autora de Entre hipocampos y neurog\u00e9nesis. \u00bfPor eso le cuesta tanto aprender a mi hijo?&nbsp;<\/span><span><span> <\/span><\/span><br \/><span><span><\/span><br \/><b><span style=\"color: #0b5394\">La adolescencia en riesgo en adopci\u00f3n: necesidades clave y estrategias eficaces para una intervenci\u00f3n integral e integrada. <\/span><\/b><br \/>&#8211; <b>Alberto Rodr\u00edguez Gonz\u00e1lez<\/b>, psic\u00f3logo y psicoterapeuta. En la actualidad, psic\u00f3logo especialista en acogimiento y adopci\u00f3n en Agintzari.&nbsp;<\/span><span><span> <\/span><\/span><br \/><span><span>&nbsp;<\/span><br \/><b><span style=\"color: #0b5394\">La historia de Enara y Mart\u00edn, cuando dar un paso m\u00e1s. <\/span><\/b><br \/>&#8211; <b>Idoia Arias Revuelta<\/b>, Psiquiatra en Unidad de Psiquiatr\u00eda Infanto-Juvenil, Vitoria-Gasteiz. <br \/>&#8211; <b>Est\u00edbaliz P\u00e9rez Fern\u00e1ndez de Landa<\/b>, psiquiatra de la Unidad Terap\u00e9utico Educativa de la Araba.<\/span><\/p>\n","protected":false},"excerpt":{"rendered":"<p>El 21 de Octubre nos reuniremos en el Palacio de Congresos de Europa para reflexionar acerca de la importancia de la colaboraci\u00f3n entre todos los agentes implicados en adopci\u00f3n. Por cuarto a\u00f1o consecutivo, elaborado conjuntamente entre las tres asociaciones Ume Alaia de Araba, Bizkaia y Gipuzkoa.&nbsp; Este a\u00f1o est\u00e1 dedicado especialmente al p\u00fablico profesional, para [&hellip;]<\/p>\n","protected":false},"author":6,"featured_media":267,"comment_status":"open","ping_status":"open","sticky":false,"template":"","format":"standard","meta":{"_acf_changed":false,"footnotes":""},"categories":[9,1],"tags":[],"class_list":["post-194","post","type-post","status-publish","format-standard","has-post-thumbnail","hentry","category-noticias","category-sin-categorizar"],"acf":[],"_links":{"self":[{"href":"https:\/\/www.umealaia.org\/araba\/wp-json\/wp\/v2\/posts\/194","targetHints":{"allow":["GET"]}}],"collection":[{"href":"https:\/\/www.umealaia.org\/araba\/wp-json\/wp\/v2\/posts"}],"about":[{"href":"https:\/\/www.umealaia.org\/araba\/wp-json\/wp\/v2\/types\/post"}],"author":[{"embeddable":true,"href":"https:\/\/www.umealaia.org\/araba\/wp-json\/wp\/v2\/users\/6"}],"replies":[{"embeddable":true,"href":"https:\/\/www.umealaia.org\/araba\/wp-json\/wp\/v2\/comments?post=194"}],"version-history":[{"count":3,"href":"https:\/\/www.umealaia.org\/araba\/wp-json\/wp\/v2\/posts\/194\/revisions"}],"predecessor-version":[{"id":374,"href":"https:\/\/www.umealaia.org\/araba\/wp-json\/wp\/v2\/posts\/194\/revisions\/374"}],"wp:featuredmedia":[{"embeddable":true,"href":"https:\/\/www.umealaia.org\/araba\/wp-json\/wp\/v2\/media\/267"}],"wp:attachment":[{"href":"https:\/\/www.umealaia.org\/araba\/wp-json\/wp\/v2\/media?parent=194"}],"wp:term":[{"taxonomy":"category","embeddable":true,"href":"https:\/\/www.umealaia.org\/araba\/wp-json\/wp\/v2\/categories?post=194"},{"taxonomy":"post_tag","embeddable":true,"href":"https:\/\/www.umealaia.org\/araba\/wp-json\/wp\/v2\/tags?post=194"}],"curies":[{"name":"wp","href":"https:\/\/api.w.org\/{rel}","templated":true}]}}