{"id":192,"date":"2017-11-09T20:30:00","date_gmt":"2017-11-09T19:30:00","guid":{"rendered":""},"modified":"2021-10-25T10:40:10","modified_gmt":"2021-10-25T09:40:10","slug":"erase-una-vez-y-otra-y-otra","status":"publish","type":"post","link":"https:\/\/www.umealaia.org\/araba\/2017\/11\/09\/erase-una-vez-y-otra-y-otra\/","title":{"rendered":"Erase una vez&#8230; y otra, y otra&#8230;"},"content":{"rendered":"<p>[:es]<\/p>\n<div style=\"clear: both; text-align: left;\"><span style=\"text-align: left;\">Queridas colaboradoras y colaboradores:<\/span><\/div>\n<div style=\"clear: both; text-align: left;\">\n<p>\u00a0 Gracias por los muchos mensajes de apoyo y \u00e1nimo que hemos recibido desde el 21 de octubre.\u00a0 Esto nos anima a seguir trabajando en la misma l\u00ednea.<br \/>\nAqu\u00ed teneis la informaci\u00f3n prometida:<\/p>\n<p>1-<a href=\"https:\/\/youtu.be\/2y3NC3iSD-o\" target=\"_blank\" rel=\"noopener\">V\u00eddeo introducci\u00f3n<\/a> de la jornada<br \/>\n2- <a href=\"https:\/\/www.youtube.com\/watch?v=hvcd5k1cOzM\" target=\"_blank\" rel=\"noopener\">Rap<\/a> interpretado por Vasco Boy.<br \/>\n3- Un regalo, el <a href=\"https:\/\/drive.google.com\/open?id=1OYgc0NgFUpQ6UR5SHxvU8MszrcuAKNGV\" target=\"_blank\" rel=\"noopener\">v\u00eddeo final<\/a> que no pusimos, viene a ser una versi\u00f3n diferente del cuento, algo as\u00ed como las tomas falsas.<\/p>\n<\/div>\n<div style=\"clear: both; text-align: left;\"><\/div>\n<div style=\"clear: both; text-align: left;\">4- Ponencias e informaci\u00f3n ofrecida por los ponentes:<\/div>\n<div style=\"clear: both; text-align: left;\"><\/div>\n<div style=\"clear: both; text-align: left;\">Arantza Belastegi: <a href=\"https:\/\/drive.google.com\/open?id=0Bywc5i8rKLrJNTNxYS1ZN0JLZFp3Y3ZZU3BXdU9QWktxRGp3\" target=\"_blank\" rel=\"noopener\">D\u00e9ficit Cognitivo Acumulativo.<\/a><\/div>\n<div style=\"clear: both; text-align: left;\"><\/div>\n<div style=\"clear: both; text-align: left;\">Alberto Rodriguez: <a href=\"https:\/\/drive.google.com\/open?id=0Bywc5i8rKLrJcTk0MGZ6RXRfMkpZWWdsZ3ctN3E0NEF3alg0\" target=\"_blank\" rel=\"noopener\">La adolescencia en riesgo en adopci\u00f3n.<\/a><\/div>\n<div style=\"clear: both; text-align: left;\"><\/div>\n<div style=\"clear: both; text-align: left;\">Rosa Fern\u00e1ndez: <a href=\"https:\/\/www.researchgate.net\/publication\/313648764_Neurobiologia_del_estres_temprano\" target=\"_blank\" rel=\"noopener\"><span style=\"font-size: 11pt;\">Neurobiologia del estres temprano.<\/span><\/a><\/div>\n<div style=\"clear: both; text-align: left;\"><span style=\"font-size: 11pt;\">\u00a0<\/span><\/div>\n<div><span style=\"font-size: 11pt;\">. LIBRO: <a href=\"https:\/\/www.researchgate.net\/publication\/250137634_Entre_hipocampos_y_neurogenesis_Por_eso_le_cuesta_tanto_aprender_a_mi_hijo\" target=\"_blank\" rel=\"noopener\">Entre hipocampos y neurog\u00e9nesis. \u00bfPor eso le cuesta tanto aprender a mi hijo? <\/a><\/span><\/div>\n<div><span style=\"font-size: 11pt;\">. LIBRO: <a href=\"https:\/\/www.researchgate.net\/publication\/262067728_Neuropsicologia_del_abandono_y_del_maltrato_infantil\" target=\"_blank\" rel=\"noopener\">Neuropsicologia del abandono y del maltrato infantil.<\/a><\/span><\/div>\n<div><\/div>\n<div><span style=\"font-size: 11pt;\">. <a href=\"https:\/\/www.researchgate.net\/publication\/277987214_Susceptibilidad_al_metilfenidato_en_ninos_con_carencias_afectivas_graves_durante_el_primer_ano_de_vida\" target=\"_blank\" rel=\"noopener\">Susceptibilidad al metilfenidato en ni\u00f1os con carencias afectivas graves durante el primer a\u00f1o de vida.<\/a><\/span><\/div>\n<div><span style=\"font-size: 11pt;\">.<a href=\"https:\/\/www.researchgate.net\/publication\/277986652_Bases_neuropsicologicas_del_abandono_y_el_maltrato\" target=\"_blank\" rel=\"noopener\"> Bases neuropsicol\u00f3gicas del abandono y el maltrato.<\/a><\/span><\/div>\n<div><span style=\"font-size: 11pt;\">. <a href=\"https:\/\/www.researchgate.net\/publication\/256378743_Controversias_en_el_tratamiento_con_metilfenidato_en_ninos_adoptados_The_family_watch_Documentacion_45_Sep_2013\" target=\"_blank\" rel=\"noopener\">Controversias en el tratamiento con metilfenidato en ni\u00f1os adoptados.<\/a><\/span><\/div>\n<div><span style=\"font-size: 11pt;\">. <a href=\"https:\/\/www.researchgate.net\/publication\/251236951_Como_influye_el_abandono_en_el_cerebro_del_recien_nacido_periodos_criticos_de_mielinizacion\" target=\"_blank\" rel=\"noopener\">C\u00f3mo influye el abandono en el cerebro del reci\u00e9n nacido: periodos cr\u00edticos de mielinizaci\u00f3n.<\/a><\/span><\/div>\n<p>[:eu]<\/p>\n<div style=\"clear: both;text-align: center\"><\/div>\n<div style=\"clear: both;text-align: center\"><\/div>\n<div style=\"clear: both;text-align: center\"><\/div>\n<div style=\"clear: both;text-align: center\"><\/div>\n<div style=\"clear: both;text-align: left\"><a href=\"https:\/\/www.umealaia.org\/araba\/wp-content\/uploads\/sites\/3\/2017\/11\/imagen-ni-25C3-25B1os-y-titulo.jpg\" style=\"clear: left;float: left;margin-bottom: 1em;margin-right: 1em\"><img loading=\"lazy\" decoding=\"async\" border=\"0\" height=\"200\" src=\"https:\/\/www.umealaia.org\/araba\/wp-content\/uploads\/sites\/3\/2017\/11\/imagen-ni-25C3-25B1os-y-titulo-249x300.jpg\" width=\"166\" \/><\/a><span>Queridas colaboradoras y colaboradores: <\/p>\n<p>&nbsp; Gracias por los muchos mensajes de apoyo y \u00e1nimo que  hemos recibido desde el 21 de octubre.&nbsp; Esto nos anima a seguir trabajando en la misma l\u00ednea. <br \/>&nbsp; Aqu\u00ed teneis la informaci\u00f3n prometida:<\/p>\n<p>1-<a href=\"https:\/\/youtu.be\/2y3NC3iSD-o\" target=\"_blank\">V\u00eddeo introducci\u00f3n<\/a> de la jornada<br \/>2- <a href=\"https:\/\/www.youtube.com\/watch?v=hvcd5k1cOzM\" target=\"_blank\">Rap<\/a> interpretado por Vasco Boy.&nbsp; <br \/>3- Un regalo, el <a href=\"https:\/\/drive.google.com\/open?id=1OYgc0NgFUpQ6UR5SHxvU8MszrcuAKNGV\" target=\"_blank\">v\u00eddeo final<\/a> que no pusimos, viene a ser una versi\u00f3n diferente del cuento, algo as\u00ed como las tomas falsas.&nbsp;<\/span><\/div>\n<div style=\"clear: both;text-align: left\"><span><br \/><\/span><\/div>\n<div style=\"clear: both;text-align: left\"><span>4- Ponencias e informaci\u00f3n ofrecida por los ponentes:<\/span><\/div>\n<div style=\"clear: both;text-align: left\"><span><br \/><\/span><\/div>\n<div style=\"clear: both;text-align: left\"><span>Arantza Belastegi: <a href=\"https:\/\/drive.google.com\/open?id=0Bywc5i8rKLrJNTNxYS1ZN0JLZFp3Y3ZZU3BXdU9QWktxRGp3\" target=\"_blank\">D\u00e9ficit Cognitivo Acumulativo.<\/a><\/span><\/div>\n<div style=\"clear: both;text-align: left\"><\/div>\n<div style=\"clear: both;text-align: left\"><span>Alberto Rodriguez: <a href=\"https:\/\/drive.google.com\/open?id=0Bywc5i8rKLrJcTk0MGZ6RXRfMkpZWWdsZ3ctN3E0NEF3alg0\" target=\"_blank\">La adolescencia en riesgo en adopci\u00f3n.<\/a><\/span><\/div>\n<div style=\"clear: both;text-align: left\"><\/div>\n<div style=\"clear: both;text-align: left\"><span>Rosa Fern\u00e1ndez: <a href=\"https:\/\/www.researchgate.net\/publication\/313648764_Neurobiologia_del_estres_temprano\" target=\"_blank\"><span style=\"font-size: 11pt\">Neurobiologia del estres temprano.<\/span><\/a><\/span><\/div>\n<div style=\"clear: both;text-align: left\"><span><span style=\"font-size: 11pt\">&nbsp;<\/span><span style=\"font-size: 11pt\"> <\/span><\/span><\/div>\n<div><span><span style=\"font-size: 11pt\">. LIBRO: <a href=\"https:\/\/www.researchgate.net\/publication\/250137634_Entre_hipocampos_y_neurogenesis_Por_eso_le_cuesta_tanto_aprender_a_mi_hijo\" target=\"_blank\">Entre hipocampos y neurog\u00e9nesis. \u00bfPor eso le cuesta tanto aprender a mi hijo? <\/a><\/span><\/span><\/div>\n<div><span><span style=\"font-size: 11pt\">. LIBRO: <a href=\"https:\/\/www.researchgate.net\/publication\/262067728_Neuropsicologia_del_abandono_y_del_maltrato_infantil\" target=\"_blank\">Neuropsicologia del abandono y del maltrato infantil.<\/a><\/span><\/span><\/div>\n<div><\/div>\n<div><span><span style=\"font-size: 11pt\">. <a href=\"https:\/\/www.researchgate.net\/publication\/277987214_Susceptibilidad_al_metilfenidato_en_ninos_con_carencias_afectivas_graves_durante_el_primer_ano_de_vida\" target=\"_blank\">Susceptibilidad al metilfenidato en ni\u00f1os con carencias afectivas graves durante el primer a\u00f1o de vida.<\/a><\/span><\/span><\/div>\n<div><span><span style=\"font-size: 11pt\">.<a href=\"https:\/\/www.researchgate.net\/publication\/277986652_Bases_neuropsicologicas_del_abandono_y_el_maltrato\" target=\"_blank\"> Bases neuropsicol\u00f3gicas del abandono y el maltrato.<\/a><\/span><\/span><\/div>\n<div><span><span style=\"font-size: 11pt\">. <a href=\"https:\/\/www.researchgate.net\/publication\/256378743_Controversias_en_el_tratamiento_con_metilfenidato_en_ninos_adoptados_The_family_watch_Documentacion_45_Sep_2013\" target=\"_blank\">Controversias en el tratamiento con metilfenidato en ni\u00f1os adoptados.<\/a><\/span><\/span><\/div>\n<div><span><span style=\"font-size: 11pt\">. <a href=\"https:\/\/www.researchgate.net\/publication\/251236951_Como_influye_el_abandono_en_el_cerebro_del_recien_nacido_periodos_criticos_de_mielinizacion\" target=\"_blank\">C\u00f3mo influye el abandono en el cerebro del reci\u00e9n nacido: periodos cr\u00edticos de mielinizaci\u00f3n.<\/a><\/span><\/span><\/div>\n<p>[:]<\/p>\n","protected":false},"excerpt":{"rendered":"<p>[:es] Queridas colaboradoras y colaboradores: \u00a0 Gracias por los muchos mensajes de apoyo y \u00e1nimo que hemos recibido desde el 21 de octubre.\u00a0 Esto nos anima a seguir trabajando en la misma l\u00ednea. Aqu\u00ed teneis la informaci\u00f3n prometida: 1-V\u00eddeo introducci\u00f3n de la jornada 2- Rap interpretado por Vasco Boy. 3- Un regalo, el v\u00eddeo final [&hellip;]<\/p>\n","protected":false},"author":6,"featured_media":264,"comment_status":"open","ping_status":"open","sticky":false,"template":"","format":"standard","meta":{"_acf_changed":false,"footnotes":""},"categories":[9,1],"tags":[],"class_list":["post-192","post","type-post","status-publish","format-standard","has-post-thumbnail","hentry","category-noticias","category-sin-categorizar"],"acf":[],"_links":{"self":[{"href":"https:\/\/www.umealaia.org\/araba\/wp-json\/wp\/v2\/posts\/192","targetHints":{"allow":["GET"]}}],"collection":[{"href":"https:\/\/www.umealaia.org\/araba\/wp-json\/wp\/v2\/posts"}],"about":[{"href":"https:\/\/www.umealaia.org\/araba\/wp-json\/wp\/v2\/types\/post"}],"author":[{"embeddable":true,"href":"https:\/\/www.umealaia.org\/araba\/wp-json\/wp\/v2\/users\/6"}],"replies":[{"embeddable":true,"href":"https:\/\/www.umealaia.org\/araba\/wp-json\/wp\/v2\/comments?post=192"}],"version-history":[{"count":3,"href":"https:\/\/www.umealaia.org\/araba\/wp-json\/wp\/v2\/posts\/192\/revisions"}],"predecessor-version":[{"id":337,"href":"https:\/\/www.umealaia.org\/araba\/wp-json\/wp\/v2\/posts\/192\/revisions\/337"}],"wp:featuredmedia":[{"embeddable":true,"href":"https:\/\/www.umealaia.org\/araba\/wp-json\/wp\/v2\/media\/264"}],"wp:attachment":[{"href":"https:\/\/www.umealaia.org\/araba\/wp-json\/wp\/v2\/media?parent=192"}],"wp:term":[{"taxonomy":"category","embeddable":true,"href":"https:\/\/www.umealaia.org\/araba\/wp-json\/wp\/v2\/categories?post=192"},{"taxonomy":"post_tag","embeddable":true,"href":"https:\/\/www.umealaia.org\/araba\/wp-json\/wp\/v2\/tags?post=192"}],"curies":[{"name":"wp","href":"https:\/\/api.w.org\/{rel}","templated":true}]}}